{"id":2103,"date":"2023-05-18T15:03:55","date_gmt":"2023-05-18T15:03:55","guid":{"rendered":"https:\/\/intersafe.es\/?p=2103"},"modified":"2023-05-19T07:02:53","modified_gmt":"2023-05-19T07:02:53","slug":"ropa-laboral-de-algodon-y-ropa-laboral-de-poliester-2","status":"publish","type":"post","link":"https:\/\/intersafe.pt\/index.php\/2023\/05\/18\/ropa-laboral-de-algodon-y-ropa-laboral-de-poliester-2\/","title":{"rendered":"Ropa laboral de algod\u00f3n y ropa laboral de poli\u00e9ster"},"content":{"rendered":"\t\t<div data-elementor-type=\"wp-post\" data-elementor-id=\"2103\" class=\"elementor elementor-2103\">\n\t\t\t\t\t\t\t\t\t<section class=\"elementor-section elementor-top-section elementor-element elementor-element-f586308 elementor-section-boxed elementor-section-height-default elementor-section-height-default\" data-id=\"f586308\" data-element_type=\"section\">\n\t\t\t\t\t\t<div class=\"elementor-container elementor-column-gap-default\">\n\t\t\t\t\t<div class=\"elementor-column elementor-col-100 elementor-top-column elementor-element elementor-element-679eb44\" data-id=\"679eb44\" data-element_type=\"column\">\n\t\t\t<div class=\"elementor-widget-wrap elementor-element-populated\">\n\t\t\t\t\t\t\t\t<div class=\"elementor-element elementor-element-b2fc4d5 elementor-widget elementor-widget-heading\" data-id=\"b2fc4d5\" data-element_type=\"widget\" data-widget_type=\"heading.default\">\n\t\t\t\t<div class=\"elementor-widget-container\">\n\t\t\t<style>\/*! elementor - v3.16.0 - 12-09-2023 *\/\n.elementor-heading-title{padding:0;margin:0;line-height:1}.elementor-widget-heading .elementor-heading-title[class*=elementor-size-]>a{color:inherit;font-size:inherit;line-height:inherit}.elementor-widget-heading .elementor-heading-title.elementor-size-small{font-size:15px}.elementor-widget-heading .elementor-heading-title.elementor-size-medium{font-size:19px}.elementor-widget-heading .elementor-heading-title.elementor-size-large{font-size:29px}.elementor-widget-heading .elementor-heading-title.elementor-size-xl{font-size:39px}.elementor-widget-heading .elementor-heading-title.elementor-size-xxl{font-size:59px}<\/style><span id=\"scroll69f3aaa297491\"  class=\"scrollMagicControl\" type=\"hidden\" effect = {} wpmp_enable_desktop=\"yes\" wpmp_enable_tablet=\"yes\" wpmp_enable_mobile=\"yes\" wpmp_trigger_hook=\"0.5\" wpmp_reverse=\"yes\" wpmp_class_CSS =\"custom\" split-text = {} value=\"scrollmagic\"><\/span><h2 class=\"elementor-heading-title elementor-size-default\">ROPA LABORAL DE ALGOD\u00d3N Y ROPA LABORAL DE POLI\u00c9STER<\/h2>\t\t<\/div>\n\t\t\t\t<\/div>\n\t\t\t\t\t<\/div>\n\t\t<\/div>\n\t\t\t\t\t\t\t<\/div>\n\t\t<\/section>\n\t\t\t\t<section class=\"elementor-section elementor-top-section elementor-element elementor-element-75c32fb elementor-section-boxed elementor-section-height-default elementor-section-height-default\" data-id=\"75c32fb\" data-element_type=\"section\">\n\t\t\t\t\t\t<div class=\"elementor-container elementor-column-gap-default\">\n\t\t\t\t\t<div class=\"elementor-column elementor-col-100 elementor-top-column elementor-element elementor-element-433342f\" data-id=\"433342f\" data-element_type=\"column\">\n\t\t\t<div class=\"elementor-widget-wrap elementor-element-populated\">\n\t\t\t\t\t\t\t\t<div class=\"elementor-element elementor-element-a291749 elementor-widget elementor-widget-image\" data-id=\"a291749\" data-element_type=\"widget\" data-widget_type=\"image.default\">\n\t\t\t\t<div class=\"elementor-widget-container\">\n\t\t\t<style>\/*! elementor - v3.16.0 - 12-09-2023 *\/\n.elementor-widget-image{text-align:center}.elementor-widget-image a{display:inline-block}.elementor-widget-image a img[src$=\".svg\"]{width:48px}.elementor-widget-image img{vertical-align:middle;display:inline-block}<\/style><span id=\"scroll69f3aaa2998d0\"  class=\"scrollMagicControl\" type=\"hidden\" effect = {} wpmp_enable_desktop=\"yes\" wpmp_enable_tablet=\"yes\" wpmp_enable_mobile=\"yes\" wpmp_trigger_hook=\"0.5\" wpmp_reverse=\"yes\" wpmp_class_CSS =\"custom\" split-text = {} value=\"scrollmagic\"><\/span>\t\t\t\t\t\t\t\t\t\t\t\t<img loading=\"lazy\" decoding=\"async\" width=\"1024\" height=\"521\" src=\"https:\/\/intersafe.pt\/wp-content\/uploads\/2023\/02\/POST-VESTUARIO-ALGODON-e1684420830831-1024x521.png\" class=\"attachment-large size-large wp-image-2098\" alt=\"\" srcset=\"https:\/\/intersafe.pt\/wp-content\/uploads\/2023\/02\/POST-VESTUARIO-ALGODON-e1684420830831-1024x521.png 1024w, https:\/\/intersafe.pt\/wp-content\/uploads\/2023\/02\/POST-VESTUARIO-ALGODON-e1684420830831-300x153.png 300w, https:\/\/intersafe.pt\/wp-content\/uploads\/2023\/02\/POST-VESTUARIO-ALGODON-e1684420830831-768x391.png 768w, https:\/\/intersafe.pt\/wp-content\/uploads\/2023\/02\/POST-VESTUARIO-ALGODON-e1684420830831.png 1080w\" sizes=\"auto, (max-width: 1024px) 100vw, 1024px\" \/>\t\t\t\t\t\t\t\t\t\t\t\t\t\t\t<\/div>\n\t\t\t\t<\/div>\n\t\t\t\t\t<\/div>\n\t\t<\/div>\n\t\t\t\t\t\t\t<\/div>\n\t\t<\/section>\n\t\t\t\t<section class=\"elementor-section elementor-top-section elementor-element elementor-element-5cd967f elementor-section-boxed elementor-section-height-default elementor-section-height-default\" data-id=\"5cd967f\" data-element_type=\"section\">\n\t\t\t\t\t\t<div class=\"elementor-container elementor-column-gap-default\">\n\t\t\t\t\t<div class=\"elementor-column elementor-col-100 elementor-top-column elementor-element elementor-element-77818e8\" data-id=\"77818e8\" data-element_type=\"column\">\n\t\t\t<div class=\"elementor-widget-wrap elementor-element-populated\">\n\t\t\t\t\t\t\t\t<div class=\"elementor-element elementor-element-26060f4 elementor-widget elementor-widget-text-editor\" data-id=\"26060f4\" data-element_type=\"widget\" data-widget_type=\"text-editor.default\">\n\t\t\t\t<div class=\"elementor-widget-container\">\n\t\t\t<style>\/*! elementor - v3.16.0 - 12-09-2023 *\/\n.elementor-widget-text-editor.elementor-drop-cap-view-stacked .elementor-drop-cap{background-color:#69727d;color:#fff}.elementor-widget-text-editor.elementor-drop-cap-view-framed .elementor-drop-cap{color:#69727d;border:3px solid;background-color:transparent}.elementor-widget-text-editor:not(.elementor-drop-cap-view-default) .elementor-drop-cap{margin-top:8px}.elementor-widget-text-editor:not(.elementor-drop-cap-view-default) .elementor-drop-cap-letter{width:1em;height:1em}.elementor-widget-text-editor .elementor-drop-cap{float:left;text-align:center;line-height:1;font-size:50px}.elementor-widget-text-editor .elementor-drop-cap-letter{display:inline-block}<\/style><span id=\"scroll69f3aaa29ab9e\"  class=\"scrollMagicControl\" type=\"hidden\" effect = {} wpmp_enable_desktop=\"yes\" wpmp_enable_tablet=\"yes\" wpmp_enable_mobile=\"yes\" wpmp_trigger_hook=\"0.5\" wpmp_reverse=\"yes\" wpmp_class_CSS =\"custom\" split-text = {} value=\"scrollmagic\"><\/span>\t\t\t\t<p style=\"margin-bottom: 0px; font-style: normal; font-variant-numeric: normal; font-variant-east-asian: normal; font-variant-alternates: normal; font-kerning: auto; font-optical-sizing: auto; font-feature-settings: normal; font-variation-settings: normal; font-weight: 400; font-stretch: normal; font-size: 13px; line-height: normal; font-family: 'Helvetica Neue'; color: #000000;\"><span style=\"color: #2d2e87;\">Tanto las caracter\u00edsticas del trabajo que se realiza como el lugar en que se lleva a cabo condicionan en buena parte la jornada laboral. De la misma manera, estos factores condicionan tambi\u00e9n el\u00a0<b>tipo de vestuario<\/b>\u00a0que se debe utilizar para que\u00a0<b>el trabajo sea lo m\u00e1s seguro y c\u00f3modo<\/b>\u00a0posible para los empleados. No necesita el mismo\u00a0<b>nivel de protecci\u00f3n<\/b>\u00a0ni los mismos\u00a0<b>tejidos<\/b>\u00a0una persona que trabaje en una cadena de montaje de la industria automovil\u00edstica, que alguien cuya labor se centre en el \u00e1mbito sanitario\u00a0o en alimentaci\u00f3n.\u00a0<\/span><\/p><p style=\"margin-bottom: 0px; font-style: normal; font-variant-numeric: normal; font-variant-east-asian: normal; font-variant-alternates: normal; font-kerning: auto; font-optical-sizing: auto; font-feature-settings: normal; font-variation-settings: normal; font-weight: 400; font-stretch: normal; font-size: 13px; line-height: normal; font-family: 'Helvetica Neue'; color: #000000;\"><span style=\"color: #2d2e87;\">Adem\u00e1s de la\u00a0<b>funcionalidad<\/b>\u00a0de las prendas que se utilizan en el \u00e1mbito laboral, tambi\u00e9n juegan un papel muy importante los diferentes\u00a0<b>tipos de tejidos y fibras<\/b>\u00a0en los que se puede realizar el vestuario laboral. Aunque actualmente existen multitud de tejidos y compuestos desarrollados espec\u00edficamente para algunas profesiones,\u00a0<b>los m\u00e1s utilizados hoy en d\u00eda siguen siendo el algod\u00f3n y el poli\u00e9ster<\/b>.\u00a0<\/span><\/p><p style=\"margin-bottom: 0px; font-style: normal; font-variant-numeric: normal; font-variant-east-asian: normal; font-variant-alternates: normal; font-kerning: auto; font-optical-sizing: auto; font-feature-settings: normal; font-variation-settings: normal; font-weight: 400; font-stretch: normal; font-size: 13px; line-height: normal; font-family: 'Helvetica Neue'; color: #000000;\"><span style=\"color: #2d2e87;\">\u00a0<\/span><\/p><p style=\"margin-bottom: 0px; font-style: normal; font-variant-numeric: normal; font-variant-east-asian: normal; font-variant-alternates: normal; font-kerning: auto; font-optical-sizing: auto; font-feature-settings: normal; font-variation-settings: normal; font-weight: 400; font-stretch: normal; font-size: 13px; line-height: normal; font-family: 'Helvetica Neue'; color: #000000;\"><span style=\"color: #2d2e87;\">\u00bfSabes cu\u00e1les son las\u00a0<b>diferencias<\/b>\u00a0entre ellos y qu\u00e9\u00a0<b>beneficios<\/b>\u00a0pueden aportarte?\u00a0<\/span><\/p><p style=\"margin-bottom: 0px; font-style: normal; font-variant-numeric: normal; font-variant-east-asian: normal; font-variant-alternates: normal; font-kerning: auto; font-optical-sizing: auto; font-feature-settings: normal; font-variation-settings: normal; font-weight: 400; font-stretch: normal; font-size: 13px; line-height: normal; font-family: 'Helvetica Neue'; color: #000000;\"><span style=\"color: #2d2e87;\">\u00a0<\/span><\/p><p style=\"margin-bottom: 0px; font-style: normal; font-variant-numeric: normal; font-variant-east-asian: normal; font-variant-alternates: normal; font-kerning: auto; font-optical-sizing: auto; font-feature-settings: normal; font-variation-settings: normal; font-weight: 400; font-stretch: normal; font-size: 20px; line-height: normal; font-family: 'Helvetica Neue'; color: #000000;\"><span style=\"color: #2d2e87;\"><b>Algod\u00f3n y poli\u00e9ster, la base para un vestuario laboral eficiente\u00a0<\/b><\/span><\/p><p style=\"margin-bottom: 0px; font-style: normal; font-variant-numeric: normal; font-variant-east-asian: normal; font-variant-alternates: normal; font-kerning: auto; font-optical-sizing: auto; font-feature-settings: normal; font-variation-settings: normal; font-weight: 400; font-stretch: normal; font-size: 13px; line-height: normal; font-family: 'Helvetica Neue'; color: #000000;\"><span style=\"color: #2d2e87;\">A pesar de que existen numerosas opciones de materiales para la confecci\u00f3n de vestuario laboral, tanto\u00a0<b>el algod\u00f3n como el poli\u00e9ster son la base<\/b>\u00a0por excelencia.\u00a0El hecho de ser\u00a0los m\u00e1s utilizados no los convierte en la mejor opci\u00f3n para la ejecuci\u00f3n de todo tipo de trabajos. Lo adecuado\u00a0<b>para poder elegir<\/b>\u00a0correctamente las prendas de tu vestuario laboral es\u00a0<b>conocer bien los materiales<\/b>\u00a0con los que est\u00e1n confeccionadas.\u00a0<\/span><\/p><p style=\"margin-bottom: 2px; font-style: normal; font-variant-numeric: normal; font-variant-east-asian: normal; font-variant-alternates: normal; font-kerning: auto; font-optical-sizing: auto; font-feature-settings: normal; font-variation-settings: normal; font-weight: 400; font-stretch: normal; font-size: 16px; line-height: normal; font-family: 'Helvetica Neue'; color: #000000;\"><span style=\"color: #2d2e87;\"><b>Empecemos por el\u00a0algod\u00f3n<\/b><\/span><\/p><p style=\"margin-bottom: 0px; font-style: normal; font-variant-numeric: normal; font-variant-east-asian: normal; font-variant-alternates: normal; font-kerning: auto; font-optical-sizing: auto; font-feature-settings: normal; font-variation-settings: normal; font-weight: 400; font-stretch: normal; font-size: 13px; line-height: normal; font-family: 'Helvetica Neue'; color: #000000;\"><span style=\"color: #2d2e87;\">Cuando hablamos de algod\u00f3n nos referimos a\u00a0<b>una fibra textil de origen vegetal<\/b>\u00a0que se obtiene a partir de la c\u00e1scara de la semilla del algod\u00f3n. A medida que esta fibra madura el porcentaje de celulosa que contiene aumenta, lo que le confiere la resistencia por la que se conoce tradicionalmente al algod\u00f3n.\u00a0\u00a0<\/span><\/p><p style=\"margin-bottom: 0px; font-style: normal; font-variant-numeric: normal; font-variant-east-asian: normal; font-variant-alternates: normal; font-kerning: auto; font-optical-sizing: auto; font-feature-settings: normal; font-variation-settings: normal; font-weight: 400; font-stretch: normal; font-size: 13px; line-height: normal; font-family: 'Helvetica Neue'; color: #000000;\"><span style=\"color: #2d2e87;\">Aunque la utilizaci\u00f3n generalizada del algod\u00f3n en Occidente no se produjo hasta el siglo XVIII y la llegada de la\u00a0Primera Revoluci\u00f3n Industrial, lo cierto es que esta fibra se utilizaba ya hace 8000 a\u00f1os en el continente americano.\u00a0Si algo ha hecho famosa la fibra del algod\u00f3n es por sus\u00a0<b>caracter\u00edsticas<\/b>:\u00a0<\/span><\/p><ul style=\"color: #000000; font-size: medium; font-style: normal; font-weight: 400;\"><li style=\"font-style: normal; font-variant-numeric: normal; font-variant-east-asian: normal; font-variant-alternates: normal; font-kerning: auto; font-optical-sizing: auto; font-feature-settings: normal; font-variation-settings: normal; font-weight: normal; font-stretch: normal; font-size: 13px; line-height: normal; font-family: 'Helvetica Neue';\"><p><span style=\"color: #2d2e87;\">Confiere buena\u00a0<b>protecci\u00f3n t\u00e9rmica<\/b>\u00a0gracias a la estructura hueca de la fibra.\u00a0<\/span><\/p><\/li><li style=\"font-style: normal; font-variant-numeric: normal; font-variant-east-asian: normal; font-variant-alternates: normal; font-kerning: auto; font-optical-sizing: auto; font-feature-settings: normal; font-variation-settings: normal; font-weight: normal; font-stretch: normal; font-size: 13px; line-height: normal; font-family: 'Helvetica Neue';\"><p><span style=\"color: #2d2e87;\">Tiene\u00a0<b>propiedades termopl\u00e1sticas<\/b>, puede recuperar su forma despu\u00e9s de calentarse. Por eso es habitual que se agregue a telas de vestuario hechas de fibras sint\u00e9ticas.\u00a0<\/span><\/p><\/li><li style=\"font-style: normal; font-variant-numeric: normal; font-variant-east-asian: normal; font-variant-alternates: normal; font-kerning: auto; font-optical-sizing: auto; font-feature-settings: normal; font-variation-settings: normal; font-weight: normal; font-stretch: normal; font-size: 13px; line-height: normal; font-family: 'Helvetica Neue';\"><p><span style=\"color: #2d2e87;\">Es m\u00e1s\u00a0<b>resistente<\/b>\u00a0que la lana.\u00a0\u00a0<\/span><\/p><\/li><li style=\"font-style: normal; font-variant-numeric: normal; font-variant-east-asian: normal; font-variant-alternates: normal; font-kerning: auto; font-optical-sizing: auto; font-feature-settings: normal; font-variation-settings: normal; font-weight: normal; font-stretch: normal; font-size: 13px; line-height: normal; font-family: 'Helvetica Neue';\"><p><span style=\"color: #2d2e87;\">Tiene\u00a0<b>gran capacidad de absorci\u00f3n de la humedad<\/b>, esta fibra puede hincharse y aumentar hasta un 40% de su volumen. Adem\u00e1s, tambi\u00e9n aumenta su resistencia.\u00a0<\/span><\/p><\/li><li style=\"font-style: normal; font-variant-numeric: normal; font-variant-east-asian: normal; font-variant-alternates: normal; font-kerning: auto; font-optical-sizing: auto; font-feature-settings: normal; font-variation-settings: normal; font-weight: normal; font-stretch: normal; font-size: 13px; line-height: normal; font-family: 'Helvetica Neue';\"><p><span style=\"color: #2d2e87;\">Se puede\u00a0<b>tratar con calor h\u00famedo<\/b>\u00a0hasta 130\u00baC.\u00a0\u00a0<\/span><\/p><\/li><li style=\"font-style: normal; font-variant-numeric: normal; font-variant-east-asian: normal; font-variant-alternates: normal; font-kerning: auto; font-optical-sizing: auto; font-feature-settings: normal; font-variation-settings: normal; font-weight: normal; font-stretch: normal; font-size: 13px; line-height: normal; font-family: 'Helvetica Neue';\"><p><span style=\"color: #2d2e87;\">Si se utiliza sin procesar suele arrugarse y desgastarse con m\u00e1s facilidad.\u00a0<\/span><\/p><\/li><li style=\"font-style: normal; font-variant-numeric: normal; font-variant-east-asian: normal; font-variant-alternates: normal; font-kerning: auto; font-optical-sizing: auto; font-feature-settings: normal; font-variation-settings: normal; font-weight: normal; font-stretch: normal; font-size: 13px; line-height: normal; font-family: 'Helvetica Neue';\"><p><span style=\"color: #2d2e87;\">Es\u00a0<b>sensible a acci\u00f3n de \u00e1cidos inorg\u00e1nicos<\/b>\u00a0y tambi\u00e9n a la actividad de microorganismos.\u00a0<\/span><\/p><\/li><\/ul><p style=\"margin-bottom: 2px; font-style: normal; font-variant-numeric: normal; font-variant-east-asian: normal; font-variant-alternates: normal; font-kerning: auto; font-optical-sizing: auto; font-feature-settings: normal; font-variation-settings: normal; font-weight: 400; font-stretch: normal; font-size: 16px; line-height: normal; font-family: 'Helvetica Neue'; color: #000000;\"><span style=\"color: #2d2e87;\"><b>Por otra parte, el\u00a0poli\u00e9ster\u00a0<\/b><\/span><\/p><p style=\"margin-bottom: 0px; font-style: normal; font-variant-numeric: normal; font-variant-east-asian: normal; font-variant-alternates: normal; font-kerning: auto; font-optical-sizing: auto; font-feature-settings: normal; font-variation-settings: normal; font-weight: 400; font-stretch: normal; font-size: 13px; line-height: normal; font-family: 'Helvetica Neue'; color: #000000;\"><span style=\"color: #2d2e87;\">Es otro de los materiales m\u00e1s comunes que pueden encontrarse en el vestuario laboral.\u00a0<b>El poli\u00e9ster es una resina pl\u00e1stica que se\u00a0obtiene del petr\u00f3leo<\/b>\u00a0mediante procesos qu\u00edmicos, de su polimerizaci\u00f3n se obtiene la fibra con la que se elaboran los tejidos para fabricar prendas de vestir.\u00a0\u00a0<\/span><\/p><p style=\"margin-bottom: 0px; font-style: normal; font-variant-numeric: normal; font-variant-east-asian: normal; font-variant-alternates: normal; font-kerning: auto; font-optical-sizing: auto; font-feature-settings: normal; font-variation-settings: normal; font-weight: 400; font-stretch: normal; font-size: 13px; line-height: normal; font-family: 'Helvetica Neue'; color: #000000;\"><span style=\"color: #2d2e87;\">A pesar de que se trata de un\u00a0<b>descubrimiento de mediados del siglo XX<\/b>\u00a0ya es uno de los tejidos m\u00e1s utilizados en el vestuario laboral gracias a sus caracter\u00edsticas:\u00a0<\/span><\/p><ul style=\"color: #000000; font-size: medium; font-style: normal; font-weight: 400;\"><li style=\"font-style: normal; font-variant-numeric: normal; font-variant-east-asian: normal; font-variant-alternates: normal; font-kerning: auto; font-optical-sizing: auto; font-feature-settings: normal; font-variation-settings: normal; font-weight: normal; font-stretch: normal; font-size: 13px; line-height: normal; font-family: 'Helvetica Neue';\"><p><span style=\"color: #2d2e87;\">Es un material\u00a0<b>muy ligero<\/b>.\u00a0<\/span><\/p><\/li><li style=\"font-style: normal; font-variant-numeric: normal; font-variant-east-asian: normal; font-variant-alternates: normal; font-kerning: auto; font-optical-sizing: auto; font-feature-settings: normal; font-variation-settings: normal; font-weight: normal; font-stretch: normal; font-size: 13px; line-height: normal; font-family: 'Helvetica Neue';\"><p><span style=\"color: #2d2e87;\">Su producci\u00f3n es muy\u00a0<b>econ\u00f3mica<\/b>.\u00a0<\/span><\/p><\/li><li style=\"font-style: normal; font-variant-numeric: normal; font-variant-east-asian: normal; font-variant-alternates: normal; font-kerning: auto; font-optical-sizing: auto; font-feature-settings: normal; font-variation-settings: normal; font-weight: normal; font-stretch: normal; font-size: 13px; line-height: normal; font-family: 'Helvetica Neue';\"><p><span style=\"color: #2d2e87;\"><b>Resiste muy bien la humedad, no se arruga y se seca r\u00e1pido<\/b>.\u00a0<\/span><\/p><\/li><li style=\"font-style: normal; font-variant-numeric: normal; font-variant-east-asian: normal; font-variant-alternates: normal; font-kerning: auto; font-optical-sizing: auto; font-feature-settings: normal; font-variation-settings: normal; font-weight: normal; font-stretch: normal; font-size: 13px; line-height: normal; font-family: 'Helvetica Neue';\"><p><span style=\"color: #2d2e87;\"><b>Se puede combinar con otras fibras<\/b>\u00a0como el algod\u00f3n para conferirle una mayor resistencia.\u00a0<\/span><\/p><\/li><li style=\"font-style: normal; font-variant-numeric: normal; font-variant-east-asian: normal; font-variant-alternates: normal; font-kerning: auto; font-optical-sizing: auto; font-feature-settings: normal; font-variation-settings: normal; font-weight: normal; font-stretch: normal; font-size: 13px; line-height: normal; font-family: 'Helvetica Neue';\"><p><span style=\"color: #2d2e87;\">Se le pueden aplicar\u00a0<b>tintes y productos qu\u00edmicos<\/b>\u00a0sin afectar a sus caracter\u00edsticas principales.\u00a0<\/span><\/p><\/li><li style=\"font-style: normal; font-variant-numeric: normal; font-variant-east-asian: normal; font-variant-alternates: normal; font-kerning: auto; font-optical-sizing: auto; font-feature-settings: normal; font-variation-settings: normal; font-weight: normal; font-stretch: normal; font-size: 13px; line-height: normal; font-family: 'Helvetica Neue';\"><p><span style=\"color: #2d2e87;\">Es\u00a0<b>el\u00e1stico<\/b>\u00a0y\u00a0<b>resistente al desgaste<\/b>.\u00a0<\/span><\/p><\/li><li style=\"font-style: normal; font-variant-numeric: normal; font-variant-east-asian: normal; font-variant-alternates: normal; font-kerning: auto; font-optical-sizing: auto; font-feature-settings: normal; font-variation-settings: normal; font-weight: normal; font-stretch: normal; font-size: 13px; line-height: normal; font-family: 'Helvetica Neue';\"><p><span style=\"color: #2d2e87;\">Tambi\u00e9n es\u00a0<b>resistente a las altas temperaturas, al moho y a las bacterias<\/b>.\u00a0<\/span><\/p><\/li><\/ul><div><p style=\"margin-bottom: 0px; font-style: normal; font-variant-numeric: normal; font-variant-east-asian: normal; font-variant-alternates: normal; font-kerning: auto; font-optical-sizing: auto; font-feature-settings: normal; font-variation-settings: normal; font-weight: 400; font-stretch: normal; font-size: 13px; line-height: normal; font-family: 'Helvetica Neue'; color: #000000;\"><span style=\"color: #2d2e87;\">Teniendo en cuenta las caracter\u00edsticas que presentan ambos materiales, es indudable la posici\u00f3n que tanto el algod\u00f3n como el poli\u00e9ster han adquirido como materiales estrella para la fabricaci\u00f3n de vestuario laboral.\u00a0<\/span><\/p><p style=\"margin-bottom: 0px; font-style: normal; font-variant-numeric: normal; font-variant-east-asian: normal; font-variant-alternates: normal; font-kerning: auto; font-optical-sizing: auto; font-feature-settings: normal; font-variation-settings: normal; font-weight: 400; font-stretch: normal; font-size: 13px; line-height: normal; font-family: 'Helvetica Neue'; color: #000000;\"><span style=\"color: #2d2e87;\">Sin embargo, a\u00fan\u00a0falta revisar y comparar las posibilidades antes de elegir.\u00a0\u00bf<b>Cu\u00e1l es el material que m\u00e1s conviene elegir para\u00a0el\u00a0uniforme de trabajo<\/b>?\u00a0<\/span><\/p><p style=\"margin-bottom: 2px; font-style: normal; font-variant-numeric: normal; font-variant-east-asian: normal; font-variant-alternates: normal; font-kerning: auto; font-optical-sizing: auto; font-feature-settings: normal; font-variation-settings: normal; font-weight: 400; font-stretch: normal; font-size: 16px; line-height: normal; font-family: 'Helvetica Neue'; color: #000000;\"><span style=\"color: #2d2e87;\"><b>Ventajas y desventajas, \u00bfcu\u00e1l es el mejor material para tu profesi\u00f3n?\u00a0<\/b><\/span><\/p><p style=\"margin-bottom: 0px; font-style: normal; font-variant-numeric: normal; font-variant-east-asian: normal; font-variant-alternates: normal; font-kerning: auto; font-optical-sizing: auto; font-feature-settings: normal; font-variation-settings: normal; font-weight: 400; font-stretch: normal; font-size: 13px; line-height: normal; font-family: 'Helvetica Neue'; color: #000000;\"><span style=\"color: #2d2e87;\">Ahora que conocemos las caracter\u00edsticas tanto del algod\u00f3n como del poli\u00e9ster\u00a0es relativamente sencillo hacerse una\u00a0idea general de lo que pueden hacer\u00a0cada uno de ellos.\u00a0Junto a esas caracter\u00edsticas tambi\u00e9n se encuentran algunos inconvenientes que\u00a0debemos\u00a0tener en cuenta a la hora de tomar una decisi\u00f3n. Pensar en las\u00a0necesidades en el \u00e1mbito laboral,\u00a0o\u00a0si tiene que ser\u00a0resistente,\u00a0proporcionar calor y\u00a0abrigar, ser resistente al agua\u2026 Nosotros te daremos algunas pistas:\u00a0\u00a0<\/span><\/p><ul style=\"color: #000000; font-size: medium; font-style: normal; font-weight: 400;\"><li style=\"font-style: normal; font-variant-numeric: normal; font-variant-east-asian: normal; font-variant-alternates: normal; font-kerning: auto; font-optical-sizing: auto; font-feature-settings: normal; font-variation-settings: normal; font-weight: normal; font-stretch: normal; font-size: 13px; line-height: normal; font-family: 'Helvetica Neue';\"><p><span style=\"color: #2d2e87;\">Si\u00a0se busca\u00a0un\u00a0<b>material que no se arrugue y se lave con facilidad<\/b>:\u00a0Hay que saber\u00a0que no todas las prendas de vestuario laboral toleran el planchado, as\u00ed que\u00a0para\u00a0evitar las arrugas lo mejor es optar por el\u00a0<b>poli\u00e9ster<\/b>. El algod\u00f3n tarda m\u00e1s en secarse, puede deformarse e incluso encogerse si se lava a temperaturas altas.\u00a0<\/span><\/p><\/li><li style=\"font-style: normal; font-variant-numeric: normal; font-variant-east-asian: normal; font-variant-alternates: normal; font-kerning: auto; font-optical-sizing: auto; font-feature-settings: normal; font-variation-settings: normal; font-weight: normal; font-stretch: normal; font-size: 13px; line-height: normal; font-family: 'Helvetica Neue';\"><p><span style=\"color: #2d2e87;\">Si\u00a0se precisa\u00a0un\u00a0<b>material con resistencia al agua<\/b>: Teniendo en cuenta que el algod\u00f3n es un tejido muy absorbente lo mejor es optar por el\u00a0<b>poli\u00e9ster<\/b>\u00a0gracias a sus\u00a0<b>propiedades impermeables y a su capacidad de secado r\u00e1pido<\/b>.\u00a0\u00a0<\/span><\/p><\/li><li style=\"font-style: normal; font-variant-numeric: normal; font-variant-east-asian: normal; font-variant-alternates: normal; font-kerning: auto; font-optical-sizing: auto; font-feature-settings: normal; font-variation-settings: normal; font-weight: normal; font-stretch: normal; font-size: 13px; line-height: normal; font-family: 'Helvetica Neue';\"><p><span style=\"color: #2d2e87;\">Si\u00a0se\u00a0necesita un material\u00a0<b>resistente al fuego<\/b>: Si bien es cierto que sin recibir tratamiento espec\u00edfico alguno,\u00a0no se puede considerar un material ign\u00edfugo, en este caso\u00a0<b>el algod\u00f3n<\/b>\u00a0ser\u00eda el ganador ya que el poli\u00e9ster es un material inflamable. Por este motivo no se utilizan prendas de seguridad\u00a0de este material,\u00a0en profesiones que necesiten estar en contacto con fuego o chispas.\u00a0<\/span><\/p><\/li><li style=\"font-style: normal; font-variant-numeric: normal; font-variant-east-asian: normal; font-variant-alternates: normal; font-kerning: auto; font-optical-sizing: auto; font-feature-settings: normal; font-variation-settings: normal; font-weight: normal; font-stretch: normal; font-size: 13px; line-height: normal; font-family: 'Helvetica Neue';\"><p><span style=\"color: #2d2e87;\">Si\u00a0buscamos\u00a0prendas que transpiren:\u00a0Se puede elegir cualquiera de los dos,\u00a0<b>tanto el algod\u00f3n como el poli\u00e9ster tienen una gran capacidad de transpiraci\u00f3n<\/b>.<\/span><\/p><\/li><li style=\"font-style: normal; font-variant-numeric: normal; font-variant-east-asian: normal; font-variant-alternates: normal; font-kerning: auto; font-optical-sizing: auto; font-feature-settings: normal; font-variation-settings: normal; font-weight: normal; font-stretch: normal; font-size: 13px; line-height: normal; font-family: 'Helvetica Neue';\"><p><span style=\"color: #2d2e87;\">Por \u00faltimo, si queremos una\u00a0prenda que\u00a0<b>proteja frente al fr\u00edo y<\/b>\u00a0<b>abrigue<\/b>: Aunqu24a elecci\u00f3n m\u00e1s simple ser\u00eda optar por el\u00a0<b>algod\u00f3n<\/b>, lo cierto es que\u00a0<b>ciertos tipos de tejidos de poli\u00e9ster como la microfibra<\/b>\u00a0proporcionan bastante abrigo para aquellos que trabajen en exterior.\u00a0<\/span><\/p><\/li><\/ul><p style=\"margin-bottom: 0px; font-style: normal; font-variant-numeric: normal; font-variant-east-asian: normal; font-variant-alternates: normal; font-kerning: auto; font-optical-sizing: auto; font-feature-settings: normal; font-variation-settings: normal; font-weight: 400; font-stretch: normal; font-size: 13px; line-height: normal; font-family: 'Helvetica Neue'; color: #000000;\"><span style=\"color: #2d2e87;\">Como\u00a0se\u00a0puede ver, la fama del algod\u00f3n y del poli\u00e9ster como materiales aptos para pr\u00e1cticamente todo tipo de vestuario laboral es sobradamente justificada. Sin embargo, tal y\u00a0como hemos dicho hasta ahora,\u00a0hay que\u00a0valorar las\u00a0<b>caracter\u00edsticas del\u00a0trabajo y\u00a0las\u00a0necesidades\u00a0particulares<\/b>\u00a0de\u00a0un determinado\u00a0puesto para elegir la m\u00e1s adecuada.\u00a0<\/span><\/p><\/div>\t\t\t\t\t\t<\/div>\n\t\t\t\t<\/div>\n\t\t\t\t\t<\/div>\n\t\t<\/div>\n\t\t\t\t\t\t\t<\/div>\n\t\t<\/section>\n\t\t\t\t\t\t\t<\/div>\n\t\t","protected":false},"excerpt":{"rendered":"<p>ROPA LABORAL DE ALGOD\u00d3N Y ROPA LABORAL DE POLI\u00c9STER Tanto las caracter\u00edsticas del trabajo que se realiza como el lugar en que se lleva a cabo condicionan en buena parte la jornada laboral. De la misma manera, estos factores condicionan tambi\u00e9n el\u00a0tipo de vestuario\u00a0que se debe utilizar para que\u00a0el trabajo sea lo m\u00e1s seguro y &hellip;<\/p>\n<p class=\"read-more\"> <a class=\"\" href=\"https:\/\/intersafe.pt\/index.php\/2023\/05\/18\/ropa-laboral-de-algodon-y-ropa-laboral-de-poliester-2\/\"> <span class=\"screen-reader-text\">Ropa laboral de algod\u00f3n y ropa laboral de poli\u00e9ster<\/span> Leer m\u00e1s \u00bb<\/a><\/p>\n","protected":false},"author":3,"featured_media":0,"comment_status":"open","ping_status":"open","sticky":false,"template":"","format":"standard","meta":{"site-sidebar-layout":"default","site-content-layout":"default","ast-global-header-display":"","ast-banner-title-visibility":"","ast-main-header-display":"","ast-hfb-above-header-display":"","ast-hfb-below-header-display":"","ast-hfb-mobile-header-display":"","site-post-title":"disabled","ast-breadcrumbs-content":"","ast-featured-img":"","footer-sml-layout":"","theme-transparent-header-meta":"","adv-header-id-meta":"","stick-header-meta":"","header-above-stick-meta":"","header-main-stick-meta":"","header-below-stick-meta":"","footnotes":""},"categories":[1],"tags":[],"class_list":["post-2103","post","type-post","status-publish","format-standard","hentry","category-uncategorized"],"yoast_head":"<!-- This site is optimized with the Yoast SEO plugin v27.5 - https:\/\/yoast.com\/product\/yoast-seo-wordpress\/ -->\n<title>Ropa laboral de algod\u00f3n y ropa laboral de poli\u00e9ster - Intersafe Portugal<\/title>\n<meta name=\"robots\" content=\"index, follow, max-snippet:-1, max-image-preview:large, max-video-preview:-1\" \/>\n<link rel=\"canonical\" href=\"https:\/\/intersafe.pt\/index.php\/2023\/05\/18\/ropa-laboral-de-algodon-y-ropa-laboral-de-poliester-2\/\" \/>\n<meta property=\"og:locale\" content=\"es_ES\" \/>\n<meta property=\"og:type\" content=\"article\" \/>\n<meta property=\"og:title\" content=\"Ropa laboral de algod\u00f3n y ropa laboral de poli\u00e9ster - Intersafe Portugal\" \/>\n<meta property=\"og:description\" content=\"ROPA LABORAL DE ALGOD\u00d3N Y ROPA LABORAL DE POLI\u00c9STER Tanto las caracter\u00edsticas del trabajo que se realiza como el lugar en que se lleva a cabo condicionan en buena parte la jornada laboral. De la misma manera, estos factores condicionan tambi\u00e9n el\u00a0tipo de vestuario\u00a0que se debe utilizar para que\u00a0el trabajo sea lo m\u00e1s seguro y &hellip; Ropa laboral de algod\u00f3n y ropa laboral de poli\u00e9ster Leer m\u00e1s \u00bb\" \/>\n<meta property=\"og:url\" content=\"https:\/\/intersafe.pt\/index.php\/2023\/05\/18\/ropa-laboral-de-algodon-y-ropa-laboral-de-poliester-2\/\" \/>\n<meta property=\"og:site_name\" content=\"Intersafe Portugal\" \/>\n<meta property=\"article:published_time\" content=\"2023-05-18T15:03:55+00:00\" \/>\n<meta property=\"article:modified_time\" content=\"2023-05-19T07:02:53+00:00\" \/>\n<meta property=\"og:image\" content=\"https:\/\/intersafe.pt\/wp-content\/uploads\/2023\/02\/POST-VESTUARIO-ALGODON-e1684420830831-1024x521.png\" \/>\n<meta name=\"author\" content=\"Erika Arias\" \/>\n<meta name=\"twitter:card\" content=\"summary_large_image\" \/>\n<meta name=\"twitter:label1\" content=\"Escrito por\" \/>\n\t<meta name=\"twitter:data1\" content=\"Erika Arias\" \/>\n\t<meta name=\"twitter:label2\" content=\"Tiempo de lectura\" \/>\n\t<meta name=\"twitter:data2\" content=\"5 minutos\" \/>\n<script type=\"application\/ld+json\" class=\"yoast-schema-graph\">{\"@context\":\"https:\\\/\\\/schema.org\",\"@graph\":[{\"@type\":\"Article\",\"@id\":\"https:\\\/\\\/intersafe.pt\\\/index.php\\\/2023\\\/05\\\/18\\\/ropa-laboral-de-algodon-y-ropa-laboral-de-poliester-2\\\/#article\",\"isPartOf\":{\"@id\":\"https:\\\/\\\/intersafe.pt\\\/index.php\\\/2023\\\/05\\\/18\\\/ropa-laboral-de-algodon-y-ropa-laboral-de-poliester-2\\\/\"},\"author\":{\"name\":\"Erika Arias\",\"@id\":\"https:\\\/\\\/intersafe.pt\\\/#\\\/schema\\\/person\\\/0e93cfac408ef06d6eaf1b5957da17b8\"},\"headline\":\"Ropa laboral de algod\u00f3n y ropa laboral de poli\u00e9ster\",\"datePublished\":\"2023-05-18T15:03:55+00:00\",\"dateModified\":\"2023-05-19T07:02:53+00:00\",\"mainEntityOfPage\":{\"@id\":\"https:\\\/\\\/intersafe.pt\\\/index.php\\\/2023\\\/05\\\/18\\\/ropa-laboral-de-algodon-y-ropa-laboral-de-poliester-2\\\/\"},\"wordCount\":1159,\"commentCount\":0,\"publisher\":{\"@id\":\"https:\\\/\\\/intersafe.pt\\\/#organization\"},\"image\":{\"@id\":\"https:\\\/\\\/intersafe.pt\\\/index.php\\\/2023\\\/05\\\/18\\\/ropa-laboral-de-algodon-y-ropa-laboral-de-poliester-2\\\/#primaryimage\"},\"thumbnailUrl\":\"https:\\\/\\\/intersafe.pt\\\/wp-content\\\/uploads\\\/2023\\\/02\\\/POST-VESTUARIO-ALGODON-e1684420830831-1024x521.png\",\"articleSection\":[\"Uncategorized\"],\"inLanguage\":\"es\",\"potentialAction\":[{\"@type\":\"CommentAction\",\"name\":\"Comment\",\"target\":[\"https:\\\/\\\/intersafe.pt\\\/index.php\\\/2023\\\/05\\\/18\\\/ropa-laboral-de-algodon-y-ropa-laboral-de-poliester-2\\\/#respond\"]}]},{\"@type\":\"WebPage\",\"@id\":\"https:\\\/\\\/intersafe.pt\\\/index.php\\\/2023\\\/05\\\/18\\\/ropa-laboral-de-algodon-y-ropa-laboral-de-poliester-2\\\/\",\"url\":\"https:\\\/\\\/intersafe.pt\\\/index.php\\\/2023\\\/05\\\/18\\\/ropa-laboral-de-algodon-y-ropa-laboral-de-poliester-2\\\/\",\"name\":\"Ropa laboral de algod\u00f3n y ropa laboral de poli\u00e9ster - Intersafe Portugal\",\"isPartOf\":{\"@id\":\"https:\\\/\\\/intersafe.pt\\\/#website\"},\"primaryImageOfPage\":{\"@id\":\"https:\\\/\\\/intersafe.pt\\\/index.php\\\/2023\\\/05\\\/18\\\/ropa-laboral-de-algodon-y-ropa-laboral-de-poliester-2\\\/#primaryimage\"},\"image\":{\"@id\":\"https:\\\/\\\/intersafe.pt\\\/index.php\\\/2023\\\/05\\\/18\\\/ropa-laboral-de-algodon-y-ropa-laboral-de-poliester-2\\\/#primaryimage\"},\"thumbnailUrl\":\"https:\\\/\\\/intersafe.pt\\\/wp-content\\\/uploads\\\/2023\\\/02\\\/POST-VESTUARIO-ALGODON-e1684420830831-1024x521.png\",\"datePublished\":\"2023-05-18T15:03:55+00:00\",\"dateModified\":\"2023-05-19T07:02:53+00:00\",\"breadcrumb\":{\"@id\":\"https:\\\/\\\/intersafe.pt\\\/index.php\\\/2023\\\/05\\\/18\\\/ropa-laboral-de-algodon-y-ropa-laboral-de-poliester-2\\\/#breadcrumb\"},\"inLanguage\":\"es\",\"potentialAction\":[{\"@type\":\"ReadAction\",\"target\":[\"https:\\\/\\\/intersafe.pt\\\/index.php\\\/2023\\\/05\\\/18\\\/ropa-laboral-de-algodon-y-ropa-laboral-de-poliester-2\\\/\"]}]},{\"@type\":\"ImageObject\",\"inLanguage\":\"es\",\"@id\":\"https:\\\/\\\/intersafe.pt\\\/index.php\\\/2023\\\/05\\\/18\\\/ropa-laboral-de-algodon-y-ropa-laboral-de-poliester-2\\\/#primaryimage\",\"url\":\"https:\\\/\\\/intersafe.pt\\\/wp-content\\\/uploads\\\/2023\\\/02\\\/POST-VESTUARIO-ALGODON-e1684420830831.png\",\"contentUrl\":\"https:\\\/\\\/intersafe.pt\\\/wp-content\\\/uploads\\\/2023\\\/02\\\/POST-VESTUARIO-ALGODON-e1684420830831.png\",\"width\":1080,\"height\":550},{\"@type\":\"BreadcrumbList\",\"@id\":\"https:\\\/\\\/intersafe.pt\\\/index.php\\\/2023\\\/05\\\/18\\\/ropa-laboral-de-algodon-y-ropa-laboral-de-poliester-2\\\/#breadcrumb\",\"itemListElement\":[{\"@type\":\"ListItem\",\"position\":1,\"name\":\"Portada\",\"item\":\"https:\\\/\\\/intersafe.pt\\\/\"},{\"@type\":\"ListItem\",\"position\":2,\"name\":\"Ropa laboral de algod\u00f3n y ropa laboral de poli\u00e9ster\"}]},{\"@type\":\"WebSite\",\"@id\":\"https:\\\/\\\/intersafe.pt\\\/#website\",\"url\":\"https:\\\/\\\/intersafe.pt\\\/\",\"name\":\"Intersafe Portugal\",\"description\":\"Soluciones integrales en materia de seguridad laboral\",\"publisher\":{\"@id\":\"https:\\\/\\\/intersafe.pt\\\/#organization\"},\"potentialAction\":[{\"@type\":\"SearchAction\",\"target\":{\"@type\":\"EntryPoint\",\"urlTemplate\":\"https:\\\/\\\/intersafe.pt\\\/?s={search_term_string}\"},\"query-input\":{\"@type\":\"PropertyValueSpecification\",\"valueRequired\":true,\"valueName\":\"search_term_string\"}}],\"inLanguage\":\"es\"},{\"@type\":\"Organization\",\"@id\":\"https:\\\/\\\/intersafe.pt\\\/#organization\",\"name\":\"Intersafe Portugal\",\"url\":\"https:\\\/\\\/intersafe.pt\\\/\",\"logo\":{\"@type\":\"ImageObject\",\"inLanguage\":\"es\",\"@id\":\"https:\\\/\\\/intersafe.pt\\\/#\\\/schema\\\/logo\\\/image\\\/\",\"url\":\"https:\\\/\\\/intersafe.pt\\\/wp-content\\\/uploads\\\/2024\\\/12\\\/cropped-Lyreco_Intersafe_Logotype_RGB_negative.png\",\"contentUrl\":\"https:\\\/\\\/intersafe.pt\\\/wp-content\\\/uploads\\\/2024\\\/12\\\/cropped-Lyreco_Intersafe_Logotype_RGB_negative.png\",\"width\":1607,\"height\":623,\"caption\":\"Intersafe Portugal\"},\"image\":{\"@id\":\"https:\\\/\\\/intersafe.pt\\\/#\\\/schema\\\/logo\\\/image\\\/\"}},{\"@type\":\"Person\",\"@id\":\"https:\\\/\\\/intersafe.pt\\\/#\\\/schema\\\/person\\\/0e93cfac408ef06d6eaf1b5957da17b8\",\"name\":\"Erika Arias\",\"image\":{\"@type\":\"ImageObject\",\"inLanguage\":\"es\",\"@id\":\"https:\\\/\\\/secure.gravatar.com\\\/avatar\\\/7b26d523128ce445c92e2cd6bba3424bcb3f9d15ad51b4bbe6be9e0011baf0c1?s=96&d=mm&r=g\",\"url\":\"https:\\\/\\\/secure.gravatar.com\\\/avatar\\\/7b26d523128ce445c92e2cd6bba3424bcb3f9d15ad51b4bbe6be9e0011baf0c1?s=96&d=mm&r=g\",\"contentUrl\":\"https:\\\/\\\/secure.gravatar.com\\\/avatar\\\/7b26d523128ce445c92e2cd6bba3424bcb3f9d15ad51b4bbe6be9e0011baf0c1?s=96&d=mm&r=g\",\"caption\":\"Erika Arias\"},\"url\":\"https:\\\/\\\/intersafe.pt\\\/index.php\\\/author\\\/erika\\\/\"}]}<\/script>\n<!-- \/ Yoast SEO plugin. -->","yoast_head_json":{"title":"Ropa laboral de algod\u00f3n y ropa laboral de poli\u00e9ster - Intersafe Portugal","robots":{"index":"index","follow":"follow","max-snippet":"max-snippet:-1","max-image-preview":"max-image-preview:large","max-video-preview":"max-video-preview:-1"},"canonical":"https:\/\/intersafe.pt\/index.php\/2023\/05\/18\/ropa-laboral-de-algodon-y-ropa-laboral-de-poliester-2\/","og_locale":"es_ES","og_type":"article","og_title":"Ropa laboral de algod\u00f3n y ropa laboral de poli\u00e9ster - Intersafe Portugal","og_description":"ROPA LABORAL DE ALGOD\u00d3N Y ROPA LABORAL DE POLI\u00c9STER Tanto las caracter\u00edsticas del trabajo que se realiza como el lugar en que se lleva a cabo condicionan en buena parte la jornada laboral. De la misma manera, estos factores condicionan tambi\u00e9n el\u00a0tipo de vestuario\u00a0que se debe utilizar para que\u00a0el trabajo sea lo m\u00e1s seguro y &hellip; Ropa laboral de algod\u00f3n y ropa laboral de poli\u00e9ster Leer m\u00e1s \u00bb","og_url":"https:\/\/intersafe.pt\/index.php\/2023\/05\/18\/ropa-laboral-de-algodon-y-ropa-laboral-de-poliester-2\/","og_site_name":"Intersafe Portugal","article_published_time":"2023-05-18T15:03:55+00:00","article_modified_time":"2023-05-19T07:02:53+00:00","og_image":[{"url":"https:\/\/intersafe.pt\/wp-content\/uploads\/2023\/02\/POST-VESTUARIO-ALGODON-e1684420830831-1024x521.png","type":"","width":"","height":""}],"author":"Erika Arias","twitter_card":"summary_large_image","twitter_misc":{"Escrito por":"Erika Arias","Tiempo de lectura":"5 minutos"},"schema":{"@context":"https:\/\/schema.org","@graph":[{"@type":"Article","@id":"https:\/\/intersafe.pt\/index.php\/2023\/05\/18\/ropa-laboral-de-algodon-y-ropa-laboral-de-poliester-2\/#article","isPartOf":{"@id":"https:\/\/intersafe.pt\/index.php\/2023\/05\/18\/ropa-laboral-de-algodon-y-ropa-laboral-de-poliester-2\/"},"author":{"name":"Erika Arias","@id":"https:\/\/intersafe.pt\/#\/schema\/person\/0e93cfac408ef06d6eaf1b5957da17b8"},"headline":"Ropa laboral de algod\u00f3n y ropa laboral de poli\u00e9ster","datePublished":"2023-05-18T15:03:55+00:00","dateModified":"2023-05-19T07:02:53+00:00","mainEntityOfPage":{"@id":"https:\/\/intersafe.pt\/index.php\/2023\/05\/18\/ropa-laboral-de-algodon-y-ropa-laboral-de-poliester-2\/"},"wordCount":1159,"commentCount":0,"publisher":{"@id":"https:\/\/intersafe.pt\/#organization"},"image":{"@id":"https:\/\/intersafe.pt\/index.php\/2023\/05\/18\/ropa-laboral-de-algodon-y-ropa-laboral-de-poliester-2\/#primaryimage"},"thumbnailUrl":"https:\/\/intersafe.pt\/wp-content\/uploads\/2023\/02\/POST-VESTUARIO-ALGODON-e1684420830831-1024x521.png","articleSection":["Uncategorized"],"inLanguage":"es","potentialAction":[{"@type":"CommentAction","name":"Comment","target":["https:\/\/intersafe.pt\/index.php\/2023\/05\/18\/ropa-laboral-de-algodon-y-ropa-laboral-de-poliester-2\/#respond"]}]},{"@type":"WebPage","@id":"https:\/\/intersafe.pt\/index.php\/2023\/05\/18\/ropa-laboral-de-algodon-y-ropa-laboral-de-poliester-2\/","url":"https:\/\/intersafe.pt\/index.php\/2023\/05\/18\/ropa-laboral-de-algodon-y-ropa-laboral-de-poliester-2\/","name":"Ropa laboral de algod\u00f3n y ropa laboral de poli\u00e9ster - Intersafe Portugal","isPartOf":{"@id":"https:\/\/intersafe.pt\/#website"},"primaryImageOfPage":{"@id":"https:\/\/intersafe.pt\/index.php\/2023\/05\/18\/ropa-laboral-de-algodon-y-ropa-laboral-de-poliester-2\/#primaryimage"},"image":{"@id":"https:\/\/intersafe.pt\/index.php\/2023\/05\/18\/ropa-laboral-de-algodon-y-ropa-laboral-de-poliester-2\/#primaryimage"},"thumbnailUrl":"https:\/\/intersafe.pt\/wp-content\/uploads\/2023\/02\/POST-VESTUARIO-ALGODON-e1684420830831-1024x521.png","datePublished":"2023-05-18T15:03:55+00:00","dateModified":"2023-05-19T07:02:53+00:00","breadcrumb":{"@id":"https:\/\/intersafe.pt\/index.php\/2023\/05\/18\/ropa-laboral-de-algodon-y-ropa-laboral-de-poliester-2\/#breadcrumb"},"inLanguage":"es","potentialAction":[{"@type":"ReadAction","target":["https:\/\/intersafe.pt\/index.php\/2023\/05\/18\/ropa-laboral-de-algodon-y-ropa-laboral-de-poliester-2\/"]}]},{"@type":"ImageObject","inLanguage":"es","@id":"https:\/\/intersafe.pt\/index.php\/2023\/05\/18\/ropa-laboral-de-algodon-y-ropa-laboral-de-poliester-2\/#primaryimage","url":"https:\/\/intersafe.pt\/wp-content\/uploads\/2023\/02\/POST-VESTUARIO-ALGODON-e1684420830831.png","contentUrl":"https:\/\/intersafe.pt\/wp-content\/uploads\/2023\/02\/POST-VESTUARIO-ALGODON-e1684420830831.png","width":1080,"height":550},{"@type":"BreadcrumbList","@id":"https:\/\/intersafe.pt\/index.php\/2023\/05\/18\/ropa-laboral-de-algodon-y-ropa-laboral-de-poliester-2\/#breadcrumb","itemListElement":[{"@type":"ListItem","position":1,"name":"Portada","item":"https:\/\/intersafe.pt\/"},{"@type":"ListItem","position":2,"name":"Ropa laboral de algod\u00f3n y ropa laboral de poli\u00e9ster"}]},{"@type":"WebSite","@id":"https:\/\/intersafe.pt\/#website","url":"https:\/\/intersafe.pt\/","name":"Intersafe Portugal","description":"Soluciones integrales en materia de seguridad laboral","publisher":{"@id":"https:\/\/intersafe.pt\/#organization"},"potentialAction":[{"@type":"SearchAction","target":{"@type":"EntryPoint","urlTemplate":"https:\/\/intersafe.pt\/?s={search_term_string}"},"query-input":{"@type":"PropertyValueSpecification","valueRequired":true,"valueName":"search_term_string"}}],"inLanguage":"es"},{"@type":"Organization","@id":"https:\/\/intersafe.pt\/#organization","name":"Intersafe Portugal","url":"https:\/\/intersafe.pt\/","logo":{"@type":"ImageObject","inLanguage":"es","@id":"https:\/\/intersafe.pt\/#\/schema\/logo\/image\/","url":"https:\/\/intersafe.pt\/wp-content\/uploads\/2024\/12\/cropped-Lyreco_Intersafe_Logotype_RGB_negative.png","contentUrl":"https:\/\/intersafe.pt\/wp-content\/uploads\/2024\/12\/cropped-Lyreco_Intersafe_Logotype_RGB_negative.png","width":1607,"height":623,"caption":"Intersafe Portugal"},"image":{"@id":"https:\/\/intersafe.pt\/#\/schema\/logo\/image\/"}},{"@type":"Person","@id":"https:\/\/intersafe.pt\/#\/schema\/person\/0e93cfac408ef06d6eaf1b5957da17b8","name":"Erika Arias","image":{"@type":"ImageObject","inLanguage":"es","@id":"https:\/\/secure.gravatar.com\/avatar\/7b26d523128ce445c92e2cd6bba3424bcb3f9d15ad51b4bbe6be9e0011baf0c1?s=96&d=mm&r=g","url":"https:\/\/secure.gravatar.com\/avatar\/7b26d523128ce445c92e2cd6bba3424bcb3f9d15ad51b4bbe6be9e0011baf0c1?s=96&d=mm&r=g","contentUrl":"https:\/\/secure.gravatar.com\/avatar\/7b26d523128ce445c92e2cd6bba3424bcb3f9d15ad51b4bbe6be9e0011baf0c1?s=96&d=mm&r=g","caption":"Erika Arias"},"url":"https:\/\/intersafe.pt\/index.php\/author\/erika\/"}]}},"_links":{"self":[{"href":"https:\/\/intersafe.pt\/index.php\/wp-json\/wp\/v2\/posts\/2103","targetHints":{"allow":["GET"]}}],"collection":[{"href":"https:\/\/intersafe.pt\/index.php\/wp-json\/wp\/v2\/posts"}],"about":[{"href":"https:\/\/intersafe.pt\/index.php\/wp-json\/wp\/v2\/types\/post"}],"author":[{"embeddable":true,"href":"https:\/\/intersafe.pt\/index.php\/wp-json\/wp\/v2\/users\/3"}],"replies":[{"embeddable":true,"href":"https:\/\/intersafe.pt\/index.php\/wp-json\/wp\/v2\/comments?post=2103"}],"version-history":[{"count":13,"href":"https:\/\/intersafe.pt\/index.php\/wp-json\/wp\/v2\/posts\/2103\/revisions"}],"predecessor-version":[{"id":2121,"href":"https:\/\/intersafe.pt\/index.php\/wp-json\/wp\/v2\/posts\/2103\/revisions\/2121"}],"wp:attachment":[{"href":"https:\/\/intersafe.pt\/index.php\/wp-json\/wp\/v2\/media?parent=2103"}],"wp:term":[{"taxonomy":"category","embeddable":true,"href":"https:\/\/intersafe.pt\/index.php\/wp-json\/wp\/v2\/categories?post=2103"},{"taxonomy":"post_tag","embeddable":true,"href":"https:\/\/intersafe.pt\/index.php\/wp-json\/wp\/v2\/tags?post=2103"}],"curies":[{"name":"wp","href":"https:\/\/api.w.org\/{rel}","templated":true}]}}