{"id":215,"date":"2021-10-14T08:26:56","date_gmt":"2021-10-14T06:26:56","guid":{"rendered":"https:\/\/intersafe.es\/index.php\/2021\/10\/14\/como-mantener-mi-equipo-de-proteccion-auditiva\/"},"modified":"2023-03-21T08:50:00","modified_gmt":"2023-03-21T08:50:00","slug":"como-mantener-mi-equipo-de-proteccion-auditiva","status":"publish","type":"post","link":"https:\/\/intersafe.pt\/index.php\/2021\/10\/14\/como-mantener-mi-equipo-de-proteccion-auditiva\/","title":{"rendered":"C\u00f3mo mantener mi equipo de protecci\u00f3n auditiva"},"content":{"rendered":"\t\t<div data-elementor-type=\"wp-post\" data-elementor-id=\"215\" class=\"elementor elementor-215\">\n\t\t\t\t\t\t\t\t\t<section class=\"elementor-section elementor-top-section elementor-element elementor-element-546fa866 elementor-section-boxed elementor-section-height-default elementor-section-height-default\" data-id=\"546fa866\" data-element_type=\"section\">\n\t\t\t\t\t\t<div class=\"elementor-container elementor-column-gap-default\">\n\t\t\t\t\t<div class=\"elementor-column elementor-col-100 elementor-top-column elementor-element elementor-element-74ae630f\" data-id=\"74ae630f\" data-element_type=\"column\">\n\t\t\t<div class=\"elementor-widget-wrap elementor-element-populated\">\n\t\t\t\t\t\t\t\t<div class=\"elementor-element elementor-element-a87c5e8 elementor-widget elementor-widget-heading\" data-id=\"a87c5e8\" data-element_type=\"widget\" data-widget_type=\"heading.default\">\n\t\t\t\t<div class=\"elementor-widget-container\">\n\t\t\t<style>\/*! elementor - v3.16.0 - 12-09-2023 *\/\n.elementor-heading-title{padding:0;margin:0;line-height:1}.elementor-widget-heading .elementor-heading-title[class*=elementor-size-]>a{color:inherit;font-size:inherit;line-height:inherit}.elementor-widget-heading .elementor-heading-title.elementor-size-small{font-size:15px}.elementor-widget-heading .elementor-heading-title.elementor-size-medium{font-size:19px}.elementor-widget-heading .elementor-heading-title.elementor-size-large{font-size:29px}.elementor-widget-heading .elementor-heading-title.elementor-size-xl{font-size:39px}.elementor-widget-heading .elementor-heading-title.elementor-size-xxl{font-size:59px}<\/style><span id=\"scroll69f39d523e6a3\"  class=\"scrollMagicControl\" type=\"hidden\" effect = {} wpmp_enable_desktop=\"yes\" wpmp_enable_tablet=\"yes\" wpmp_enable_mobile=\"yes\" wpmp_trigger_hook=\"0.5\" wpmp_reverse=\"yes\" wpmp_class_CSS =\"custom\" split-text = {} value=\"scrollmagic\"><\/span><h2 class=\"elementor-heading-title elementor-size-default\">C\u00d3MO mantener mi equipo de protecci\u00f3n auditiva<\/h2>\t\t<\/div>\n\t\t\t\t<\/div>\n\t\t\t\t<div class=\"elementor-element elementor-element-f5cb35c elementor-widget elementor-widget-image\" data-id=\"f5cb35c\" data-element_type=\"widget\" data-widget_type=\"image.default\">\n\t\t\t\t<div class=\"elementor-widget-container\">\n\t\t\t<style>\/*! elementor - v3.16.0 - 12-09-2023 *\/\n.elementor-widget-image{text-align:center}.elementor-widget-image a{display:inline-block}.elementor-widget-image a img[src$=\".svg\"]{width:48px}.elementor-widget-image img{vertical-align:middle;display:inline-block}<\/style><span id=\"scroll69f39d523f80e\"  class=\"scrollMagicControl\" type=\"hidden\" effect = {} wpmp_enable_desktop=\"yes\" wpmp_enable_tablet=\"yes\" wpmp_enable_mobile=\"yes\" wpmp_trigger_hook=\"0.5\" wpmp_reverse=\"yes\" wpmp_class_CSS =\"custom\" split-text = {} value=\"scrollmagic\"><\/span>\t\t\t\t\t\t\t\t\t\t\t\t<img loading=\"lazy\" decoding=\"async\" width=\"1024\" height=\"595\" src=\"https:\/\/intersafe.pt\/wp-content\/uploads\/2023\/02\/Mantenimiento-tapones-1024x595.png\" class=\"attachment-large size-large wp-image-1552\" alt=\"\" srcset=\"https:\/\/intersafe.pt\/wp-content\/uploads\/2023\/02\/Mantenimiento-tapones-1024x595.png 1024w, https:\/\/intersafe.pt\/wp-content\/uploads\/2023\/02\/Mantenimiento-tapones-300x174.png 300w, https:\/\/intersafe.pt\/wp-content\/uploads\/2023\/02\/Mantenimiento-tapones-768x447.png 768w, https:\/\/intersafe.pt\/wp-content\/uploads\/2023\/02\/Mantenimiento-tapones.png 1080w\" sizes=\"auto, (max-width: 1024px) 100vw, 1024px\" \/>\t\t\t\t\t\t\t\t\t\t\t\t\t\t\t<\/div>\n\t\t\t\t<\/div>\n\t\t\t\t<div class=\"elementor-element elementor-element-330f5c38 elementor-widget elementor-widget-text-editor\" data-id=\"330f5c38\" data-element_type=\"widget\" data-widget_type=\"text-editor.default\">\n\t\t\t\t<div class=\"elementor-widget-container\">\n\t\t\t<style>\/*! elementor - v3.16.0 - 12-09-2023 *\/\n.elementor-widget-text-editor.elementor-drop-cap-view-stacked .elementor-drop-cap{background-color:#69727d;color:#fff}.elementor-widget-text-editor.elementor-drop-cap-view-framed .elementor-drop-cap{color:#69727d;border:3px solid;background-color:transparent}.elementor-widget-text-editor:not(.elementor-drop-cap-view-default) .elementor-drop-cap{margin-top:8px}.elementor-widget-text-editor:not(.elementor-drop-cap-view-default) .elementor-drop-cap-letter{width:1em;height:1em}.elementor-widget-text-editor .elementor-drop-cap{float:left;text-align:center;line-height:1;font-size:50px}.elementor-widget-text-editor .elementor-drop-cap-letter{display:inline-block}<\/style><span id=\"scroll69f39d52400f6\"  class=\"scrollMagicControl\" type=\"hidden\" effect = {} wpmp_enable_desktop=\"yes\" wpmp_enable_tablet=\"yes\" wpmp_enable_mobile=\"yes\" wpmp_trigger_hook=\"0.5\" wpmp_reverse=\"yes\" wpmp_class_CSS =\"custom\" split-text = {} value=\"scrollmagic\"><\/span>\t\t\t\t<p><span style=\"color: #2a3381;\">Los equipos de protecci\u00f3n destinados al sistema auditivo est\u00e1n dentro de los equipos de categor\u00eda III. Una calificaci\u00f3n que advierte de la importancia de una\u00a0<b>correcta prevenci\u00f3n y reducci\u00f3n de los riesgos<\/b>\u00a0en nuestros o\u00eddos. La CAT III se refiere a la importancia de protegerse frente a\u00a0<b>da\u00f1os mortales e irreversibles, junto con la protecci\u00f3n ante riesgos graves y muy graves.<\/b>\u00a0<\/span><\/p><p><span style=\"color: #2a3381;\">Cuando el Programa de Protecci\u00f3n Auditiva (PPA) de una empresa determine la necesidad de utilizar EPI, es porque se han agotado las posibilidades t\u00e9cnicas de eliminaci\u00f3n del ruido en su origen. Recordemos tambi\u00e9n que el\u00a0nivel de acci\u00f3n frente al que el empresario debe garantizar un EPI de p<b>rotecci\u00f3n auditiva comienza a partir de los 80dB<\/b>. En funci\u00f3n de la\u00a0<b>naturaleza del ruido<\/b>, su\u00a0<b>impacto<\/b>\u00a0en el puesto de trabajo, el\u00a0<b>tiempo<\/b>\u00a0y la\u00a0<b>intensidad<\/b>, habr\u00e1 que decantarse por uno u otro sistema de protecci\u00f3n. Existe una variada oferta en el mercado por lo que\u00a0<b>no resulta f\u00e1cil elegir el equipo de protecci\u00f3n<\/b>\u00a0adecuada.\u00a0<\/span><\/p><p><span style=\"color: #2a3381;\"><span class=\"\\&quot;TextRun\" lang=\"\\&quot;ES-ES\\&quot;\" xml:lang=\"\\&quot;ES-ES\\&quot;\" data-contrast=\"\\&quot;none\\&quot;\"><span class=\"\\&quot;NormalTextRun\">Como vimos en el art\u00edculo sobre los\u00a0<\/span><\/span><a style=\"color: #2a3381;\" href=\"\\&quot;https:\/\/lyrecosafety.es\/beneficios-de-la-comunicacion-integrada-en-tu-auricular-con-nivel-dependiente\/\\&quot;\"><span class=\"\\&quot;TextRun\" lang=\"\\&quot;ES-ES\\&quot;\" xml:lang=\"\\&quot;ES-ES\\&quot;\" data-contrast=\"\\&quot;none\\&quot;\"><span class=\"\\&quot;NormalTextRun\">auriculares con nivel dependiente<\/span><\/span><\/a>, la mejor protecci\u00f3n es aquella que permite al profesional su uso durante todo el tiempo de exposici\u00f3n, para as\u00ed obtener la m\u00e1xima\u00a0garant\u00eda. Y es que, apenas cinco minutos sin protecci\u00f3n a lo largo de una jornada completa pueden provocar una p\u00e9rdida auditiva irreversible. Por este motivo, el usuario debe utilizar\u00a0<b>un protector auditivo c\u00f3modo y ajustado<\/b>\u00a0a sus necesidades durante\u00a0<b>todo el tiempo<\/b>\u00a0que dura la exposici\u00f3n.\u00a0<\/span><\/p><p><span style=\"color: #2a3381;\">Si la elecci\u00f3n del tipo de equipo de protecci\u00f3n auditiva y su correcta utilizaci\u00f3n durante toda la jornada laboral es fundamental, no es menos importante el\u00a0<b>correcto mantenimiento y cuidado del equipo<\/b>\u00a0para proteger de una manera efectiva al trabajador.\u00a0<\/span><\/p><p><span style=\"color: #2a3381;\">Descubre qu\u00e9 tipos de equipos existen y c\u00f3mo debe ser su mantenimiento en el siguiente art\u00edculo.\u00a0<\/span><\/p><h2 aria-level=\"\\&quot;2\\&quot;\"><span style=\"color: #2a3381;\"><b>Tipos\u00a0de protectores auditivos<\/b> <b>y recomendaciones de uso<\/b>\u00a0<\/span><\/h2><p><span style=\"color: #2a3381;\">Solo aquellos equipos con los que\u00a0<b>el trabajador se sienta c\u00f3modo<\/b>\u00a0pueden garantizar su correcto uso durante el desempe\u00f1o, por eso es fundamental conocer las distintas opciones de EPI auditivos y ajustarlos a las caracter\u00edsticas particulares de cada uno. Los equipos m\u00e1s habituales son:\u00a0<\/span><\/p><h3><span style=\"color: #2a3381;\"><strong>Tapones desechables<\/strong>:<\/span><\/h3><p><span style=\"color: #2a3381;\">Son los protectores auditivos de <strong>un solo uso<\/strong> que se introducen en el canal auditivo. Proporcionan un buen ajuste y suelen estar fabricado<\/span><\/p><p><span style=\"color: #2a3381;\">s en espuma de poliuretano. Son \u00f3ptimos para situaciones particulares o necesidades temporales de reducir un riesgo, para visitas a las f\u00e1bricas o como repuestos ante cualquier situaci\u00f3n.<\/span><\/p><p><span style=\"color: #2a3381;\"><strong style=\"font-style: inherit; font-size: 1.5rem; background-color: var(--ast-global-color-4);\">Tapones reutilizables<\/strong><span style=\"font-style: inherit; font-size: 1.5rem; font-weight: bold; background-color: var(--ast-global-color-4);\">:<\/span><\/span><\/p><p><span style=\"color: #2a3381;\">Los equipos de protecci\u00f3n reutilizables suelen ser de un material\u00a0m\u00e1s robusto como el <strong>pol\u00edmero hipoalerg\u00e9nico, el poliuretano, el monopreno o termopl\u00e1sticos<\/strong>.\u00a0 Resultan id\u00f3neos para un uso m\u00e1s continuado en el tiempo. Los modelos con cord\u00f3n son los m\u00e1s adecuados para los trabajadores que entran y salen de entornos ruidosos o que disponen de otros elementos de protecci\u00f3n tales como cascos, gafas o mascarillas. Tambi\u00e9n son adecuados para usarse en <strong>ambientes c\u00e1lidos y h\u00famedos<\/strong> ya que no generan problemas de sudoraci\u00f3n<\/span><\/p><h3><span style=\"color: #2a3381;\"><strong>Orejeras<\/strong>:<\/span><\/h3><p><span style=\"color: #2a3381;\">Las orejeras son un sistema dise\u00f1ado para cubrir la oreja y el canal auditivo en su totalidad, adapt\u00e1ndose a la cabeza por medio de almohadillas blandas. Constan de una diadema que une los dos casquetes o cazoletas, y que las <strong>sujeta y ajusta firmemente a la cabeza<\/strong>. Son habituales en la <strong>industria forestal, autom\u00f3vil, mantenimiento, aeropuertos, carpinter\u00eda\u2026<\/strong><\/span><\/p><h3><span style=\"color: #2a3381;\">Orejeras acopladas a cascos:<\/span><\/h3><p><span style=\"color: #2a3381;\">Son una variedad de EPI auditivas que <strong>se integran o<\/strong><strong>\u00a0fijan a un casco de seguridad <\/strong>industrial y que se regulan de una manera que permite su colocaci\u00f3n en las orejas seg\u00fan se precise. Son los m\u00e1s populares en la <strong>miner\u00eda y la construcci\u00f3n<\/strong>.<\/span><\/p><p><span style=\"font-size: 1.5rem; font-style: inherit; font-weight: bold; background-color: var(--ast-global-color-4); color: #2a3381;\">\u00bfC\u00f3mo realizar el mantenimiento de los equipos de protecci\u00f3n auditivos?<\/span><\/p><h3><span style=\"color: #2a3381;\"><strong>Tapones desechables:<\/strong><\/span><\/h3><p><span style=\"color: #2a3381;\">El mantenimiento de los tapones desechables a priori puede parecer muy sencillo, sin embargo, a la hora de usar este tipo de protecci\u00f3n hay que tener en cuenta algunos factores para evitar que se da\u00f1en antes de finalizar su uso. Por ejemplo, a la hora de insertar los tapones hay que asegurarse de tener las <strong>manos limpias<\/strong> y sin restos de cremas o geles que puedan da\u00f1ar o manchar el material higi\u00e9nico del que est\u00e1n hechos y, por supuesto, <strong>no utilizar ning\u00fan producto con alcohol o desinfectante<\/strong> para limpiarlos. Deben ser <strong>reemplazados cuando se ensucien, se da\u00f1en o cuando no recuperen la forma original despu\u00e9s de comprimirlos.<\/strong><\/span><\/p><h3><span style=\"color: #2a3381;\"><strong>Tapones reutilizables:<\/strong><\/span><\/h3><p><span style=\"color: #2a3381;\">Los tapones reutilizables deben ser <strong>lavados siempre antes o despu\u00e9s de cada uso<\/strong> y <strong>secados despu\u00e9s minuciosamente<\/strong> para evitar que ensucien el canal auditivo, adem\u00e1s mientras no est\u00e1n siendo utilizados, se deben <strong>guardar en una caja limpia<\/strong> o elemento similar antes de ser reutilizados. La manera m\u00e1s recomendada de lavar los tapones reutilizables es utilizar <strong>agua tibia y jab\u00f3n neutro<\/strong>, se puede utilizar la ayuda de un cepillo de dientes suave para completar la limpieza, pero siempre siguiendo las indicaciones del fabricante. <strong>Se sustituir\u00e1n cuando est\u00e9n sucios o da\u00f1ados<\/strong> o hayan perdido su forma original.<\/span><\/p><h3><span style=\"color: #2a3381;\"><strong>Orejeras<\/strong>:<\/span><\/h3><p><span style=\"color: #2a3381;\">Las orejeras son un protector auditivo cuyas almohadillas suelen estar realizadas en un material higi\u00e9nico y disponen de la ventilaci\u00f3n adecuada para favorecer la protecci\u00f3n del trabajador. Generalmente, su mantenimiento consiste en <strong>guardar de manera adecuada<\/strong> el equipo cuando no se hace uso del mismo,<strong> limpiar con un jab\u00f3n neutro y agua tanto los auriculares como las almohadillas<\/strong> regularmente, realizar una <strong>inspecci\u00f3n ocular<\/strong> en busca de grietas o rupturas y reemplazar las almohadillas y espumas seg\u00fan las indicaciones del fabricante y las condiciones de trabajo. Los fabricantes recomiendan por norma general <strong>sustituir la diadema cuando no ofrezcan la tensi\u00f3n suficiente<\/strong> para sujetar las cazoletas firmemente. Por el contrario <strong>conviene reemplazar las almohadillas y las espumas cada seis meses<\/strong> o antes si pierden alguna de sus caracter\u00edsticas.<\/span><\/p><h3><span style=\"color: #2a3381;\"><strong>Orejeras acopladas a casco:<\/strong><\/span><\/h3><p><span style=\"color: #2a3381;\">Su mantenimiento es parecido al de las orejeras de diadema, y, al igual que ocurre con el resto de los dispositivos de protecci\u00f3n auditiva, su <strong>conservaci\u00f3n y optimizaci\u00f3n de uso est\u00e1n recogidos en la gu\u00eda EN 458:2016<\/strong>. Este mantenimiento consiste en <strong>guardar de manera adecuada<\/strong> el dispositivo siempre que no est\u00e9 siendo usado, protegi\u00e9ndolo de temperaturas extremas, golpes&#8230;. Es importante realizar una <strong>limpieza peri\u00f3dica con jab\u00f3n suave y agua<\/strong>, as\u00ed como <strong>reemplazar los elementos fungibles<\/strong> y seguir cuidadosamente las <strong>instrucciones y recomendaciones del fabricante<\/strong>.<\/span><\/p><h2><span style=\"color: #2a3381;\">La importancia de un correcto cuidado y mantenimiento<\/span><\/h2><p><span style=\"color: #2a3381;\">La elecci\u00f3n del <strong>mejor dispositivo de protecci\u00f3n auditiva<\/strong> para cada caso puede evitar en los trabajadores da\u00f1os irreversibles, la necesidad de <strong>tomar conciencia<\/strong> de la importancia del uso y mantenimiento de estos equipos de seguridad es una tarea necesaria y vital.<\/span><\/p><p><span style=\"color: #2a3381;\">La regulaci\u00f3n normativa de este tema se hace en la <strong>UE EN 458 sobre<\/strong> <strong>Recomendaciones de mantenimiento de los equipos de protecci\u00f3n auditiva<\/strong>. Dicha norma en su anexo F tambi\u00e9n se refiere a acciones para <strong>mejorar el rendimiento y para optimizar el uso<\/strong> de los mismos. Independientemente de que sean orejeras o tapones, en esta secci\u00f3n se aborda la importancia en la colocaci\u00f3n de los equipos, lo que como hemos mencionado resulta fundamental.<\/span><\/p>\t\t\t\t\t\t<\/div>\n\t\t\t\t<\/div>\n\t\t\t\t\t<\/div>\n\t\t<\/div>\n\t\t\t\t\t\t\t<\/div>\n\t\t<\/section>\n\t\t\t\t\t\t\t<\/div>\n\t\t","protected":false},"excerpt":{"rendered":"<p>C\u00d3MO mantener mi equipo de protecci\u00f3n auditiva Los equipos de protecci\u00f3n destinados al sistema auditivo est\u00e1n dentro de los equipos de categor\u00eda III. Una calificaci\u00f3n que advierte de la importancia de una\u00a0correcta prevenci\u00f3n y reducci\u00f3n de los riesgos\u00a0en nuestros o\u00eddos. La CAT III se refiere a la importancia de protegerse frente a\u00a0da\u00f1os mortales e irreversibles, &hellip;<\/p>\n<p class=\"read-more\"> <a class=\"\" href=\"https:\/\/intersafe.pt\/index.php\/2021\/10\/14\/como-mantener-mi-equipo-de-proteccion-auditiva\/\"> <span class=\"screen-reader-text\">C\u00f3mo mantener mi equipo de protecci\u00f3n auditiva<\/span> Leer m\u00e1s \u00bb<\/a><\/p>\n","protected":false},"author":1,"featured_media":220,"comment_status":"open","ping_status":"open","sticky":false,"template":"","format":"standard","meta":{"site-sidebar-layout":"default","site-content-layout":"default","ast-global-header-display":"","ast-banner-title-visibility":"","ast-main-header-display":"","ast-hfb-above-header-display":"","ast-hfb-below-header-display":"","ast-hfb-mobile-header-display":"","site-post-title":"disabled","ast-breadcrumbs-content":"","ast-featured-img":"","footer-sml-layout":"","theme-transparent-header-meta":"","adv-header-id-meta":"","stick-header-meta":"","header-above-stick-meta":"","header-main-stick-meta":"","header-below-stick-meta":"","footnotes":""},"categories":[7,21],"tags":[20,22],"class_list":["post-215","post","type-post","status-publish","format-standard","has-post-thumbnail","hentry","category-orejeras","category-tapones","tag-orejeras","tag-tapones"],"yoast_head":"<!-- This site is optimized with the Yoast SEO plugin v27.5 - https:\/\/yoast.com\/product\/yoast-seo-wordpress\/ -->\n<title>Protecci\u00f3n auditiva mantenimiento equipos<\/title>\n<meta name=\"description\" content=\"Solo el cuidado correcto de los equipos de protecci\u00f3n auditiva garantizar\u00e1 la correcta prevenci\u00f3n y reducci\u00f3n de los riesgos en los o\u00eddos\" \/>\n<meta name=\"robots\" content=\"index, follow, max-snippet:-1, max-image-preview:large, max-video-preview:-1\" \/>\n<link rel=\"canonical\" href=\"https:\/\/intersafe.pt\/index.php\/2021\/10\/14\/como-mantener-mi-equipo-de-proteccion-auditiva\/\" \/>\n<meta property=\"og:locale\" content=\"es_ES\" \/>\n<meta property=\"og:type\" content=\"article\" \/>\n<meta property=\"og:title\" content=\"Protecci\u00f3n auditiva mantenimiento equipos\" \/>\n<meta property=\"og:description\" content=\"Solo el cuidado correcto de los equipos de protecci\u00f3n auditiva garantizar\u00e1 la correcta prevenci\u00f3n y reducci\u00f3n de los riesgos en los o\u00eddos\" \/>\n<meta property=\"og:url\" content=\"https:\/\/intersafe.pt\/index.php\/2021\/10\/14\/como-mantener-mi-equipo-de-proteccion-auditiva\/\" \/>\n<meta property=\"og:site_name\" content=\"Intersafe Portugal\" \/>\n<meta property=\"article:published_time\" content=\"2021-10-14T06:26:56+00:00\" \/>\n<meta property=\"article:modified_time\" content=\"2023-03-21T08:50:00+00:00\" \/>\n<meta name=\"author\" content=\"admin\" \/>\n<meta name=\"twitter:card\" content=\"summary_large_image\" \/>\n<meta name=\"twitter:label1\" content=\"Escrito por\" \/>\n\t<meta name=\"twitter:data1\" content=\"admin\" \/>\n\t<meta name=\"twitter:label2\" content=\"Tiempo de lectura\" \/>\n\t<meta name=\"twitter:data2\" content=\"6 minutos\" \/>\n<script type=\"application\/ld+json\" class=\"yoast-schema-graph\">{\"@context\":\"https:\\\/\\\/schema.org\",\"@graph\":[{\"@type\":\"Article\",\"@id\":\"https:\\\/\\\/intersafe.pt\\\/index.php\\\/2021\\\/10\\\/14\\\/como-mantener-mi-equipo-de-proteccion-auditiva\\\/#article\",\"isPartOf\":{\"@id\":\"https:\\\/\\\/intersafe.pt\\\/index.php\\\/2021\\\/10\\\/14\\\/como-mantener-mi-equipo-de-proteccion-auditiva\\\/\"},\"author\":{\"name\":\"admin\",\"@id\":\"https:\\\/\\\/intersafe.pt\\\/#\\\/schema\\\/person\\\/f1d43ff9401eeb1fb76690b63f91d128\"},\"headline\":\"C\u00f3mo mantener mi equipo de protecci\u00f3n auditiva\",\"datePublished\":\"2021-10-14T06:26:56+00:00\",\"dateModified\":\"2023-03-21T08:50:00+00:00\",\"mainEntityOfPage\":{\"@id\":\"https:\\\/\\\/intersafe.pt\\\/index.php\\\/2021\\\/10\\\/14\\\/como-mantener-mi-equipo-de-proteccion-auditiva\\\/\"},\"wordCount\":1268,\"commentCount\":0,\"publisher\":{\"@id\":\"https:\\\/\\\/intersafe.pt\\\/#organization\"},\"image\":{\"@id\":\"https:\\\/\\\/intersafe.pt\\\/index.php\\\/2021\\\/10\\\/14\\\/como-mantener-mi-equipo-de-proteccion-auditiva\\\/#primaryimage\"},\"thumbnailUrl\":\"\",\"keywords\":[\"Orejeras\",\"Tapones\"],\"articleSection\":[\"Orejeras\",\"Tapones\"],\"inLanguage\":\"es\",\"potentialAction\":[{\"@type\":\"CommentAction\",\"name\":\"Comment\",\"target\":[\"https:\\\/\\\/intersafe.pt\\\/index.php\\\/2021\\\/10\\\/14\\\/como-mantener-mi-equipo-de-proteccion-auditiva\\\/#respond\"]}]},{\"@type\":\"WebPage\",\"@id\":\"https:\\\/\\\/intersafe.pt\\\/index.php\\\/2021\\\/10\\\/14\\\/como-mantener-mi-equipo-de-proteccion-auditiva\\\/\",\"url\":\"https:\\\/\\\/intersafe.pt\\\/index.php\\\/2021\\\/10\\\/14\\\/como-mantener-mi-equipo-de-proteccion-auditiva\\\/\",\"name\":\"Protecci\u00f3n auditiva mantenimiento equipos\",\"isPartOf\":{\"@id\":\"https:\\\/\\\/intersafe.pt\\\/#website\"},\"primaryImageOfPage\":{\"@id\":\"https:\\\/\\\/intersafe.pt\\\/index.php\\\/2021\\\/10\\\/14\\\/como-mantener-mi-equipo-de-proteccion-auditiva\\\/#primaryimage\"},\"image\":{\"@id\":\"https:\\\/\\\/intersafe.pt\\\/index.php\\\/2021\\\/10\\\/14\\\/como-mantener-mi-equipo-de-proteccion-auditiva\\\/#primaryimage\"},\"thumbnailUrl\":\"\",\"datePublished\":\"2021-10-14T06:26:56+00:00\",\"dateModified\":\"2023-03-21T08:50:00+00:00\",\"description\":\"Solo el cuidado correcto de los equipos de protecci\u00f3n auditiva garantizar\u00e1 la correcta prevenci\u00f3n y reducci\u00f3n de los riesgos en los o\u00eddos\",\"breadcrumb\":{\"@id\":\"https:\\\/\\\/intersafe.pt\\\/index.php\\\/2021\\\/10\\\/14\\\/como-mantener-mi-equipo-de-proteccion-auditiva\\\/#breadcrumb\"},\"inLanguage\":\"es\",\"potentialAction\":[{\"@type\":\"ReadAction\",\"target\":[\"https:\\\/\\\/intersafe.pt\\\/index.php\\\/2021\\\/10\\\/14\\\/como-mantener-mi-equipo-de-proteccion-auditiva\\\/\"]}]},{\"@type\":\"ImageObject\",\"inLanguage\":\"es\",\"@id\":\"https:\\\/\\\/intersafe.pt\\\/index.php\\\/2021\\\/10\\\/14\\\/como-mantener-mi-equipo-de-proteccion-auditiva\\\/#primaryimage\",\"url\":\"\",\"contentUrl\":\"\"},{\"@type\":\"BreadcrumbList\",\"@id\":\"https:\\\/\\\/intersafe.pt\\\/index.php\\\/2021\\\/10\\\/14\\\/como-mantener-mi-equipo-de-proteccion-auditiva\\\/#breadcrumb\",\"itemListElement\":[{\"@type\":\"ListItem\",\"position\":1,\"name\":\"Portada\",\"item\":\"https:\\\/\\\/intersafe.pt\\\/\"},{\"@type\":\"ListItem\",\"position\":2,\"name\":\"C\u00f3mo mantener mi equipo de protecci\u00f3n auditiva\"}]},{\"@type\":\"WebSite\",\"@id\":\"https:\\\/\\\/intersafe.pt\\\/#website\",\"url\":\"https:\\\/\\\/intersafe.pt\\\/\",\"name\":\"Intersafe Portugal\",\"description\":\"Soluciones integrales en materia de seguridad laboral\",\"publisher\":{\"@id\":\"https:\\\/\\\/intersafe.pt\\\/#organization\"},\"potentialAction\":[{\"@type\":\"SearchAction\",\"target\":{\"@type\":\"EntryPoint\",\"urlTemplate\":\"https:\\\/\\\/intersafe.pt\\\/?s={search_term_string}\"},\"query-input\":{\"@type\":\"PropertyValueSpecification\",\"valueRequired\":true,\"valueName\":\"search_term_string\"}}],\"inLanguage\":\"es\"},{\"@type\":\"Organization\",\"@id\":\"https:\\\/\\\/intersafe.pt\\\/#organization\",\"name\":\"Intersafe Portugal\",\"url\":\"https:\\\/\\\/intersafe.pt\\\/\",\"logo\":{\"@type\":\"ImageObject\",\"inLanguage\":\"es\",\"@id\":\"https:\\\/\\\/intersafe.pt\\\/#\\\/schema\\\/logo\\\/image\\\/\",\"url\":\"https:\\\/\\\/intersafe.pt\\\/wp-content\\\/uploads\\\/2024\\\/12\\\/cropped-Lyreco_Intersafe_Logotype_RGB_negative.png\",\"contentUrl\":\"https:\\\/\\\/intersafe.pt\\\/wp-content\\\/uploads\\\/2024\\\/12\\\/cropped-Lyreco_Intersafe_Logotype_RGB_negative.png\",\"width\":1607,\"height\":623,\"caption\":\"Intersafe Portugal\"},\"image\":{\"@id\":\"https:\\\/\\\/intersafe.pt\\\/#\\\/schema\\\/logo\\\/image\\\/\"}},{\"@type\":\"Person\",\"@id\":\"https:\\\/\\\/intersafe.pt\\\/#\\\/schema\\\/person\\\/f1d43ff9401eeb1fb76690b63f91d128\",\"name\":\"admin\",\"image\":{\"@type\":\"ImageObject\",\"inLanguage\":\"es\",\"@id\":\"https:\\\/\\\/secure.gravatar.com\\\/avatar\\\/0a70928f7c8555b0c3d9fffa3ad3476f0c53fd84ed0c3555b6149a2fae34470b?s=96&d=mm&r=g\",\"url\":\"https:\\\/\\\/secure.gravatar.com\\\/avatar\\\/0a70928f7c8555b0c3d9fffa3ad3476f0c53fd84ed0c3555b6149a2fae34470b?s=96&d=mm&r=g\",\"contentUrl\":\"https:\\\/\\\/secure.gravatar.com\\\/avatar\\\/0a70928f7c8555b0c3d9fffa3ad3476f0c53fd84ed0c3555b6149a2fae34470b?s=96&d=mm&r=g\",\"caption\":\"admin\"},\"sameAs\":[\"https:\\\/\\\/intersafe.pt\"],\"url\":\"https:\\\/\\\/intersafe.pt\\\/index.php\\\/author\\\/intersafe-cex-23\\\/\"}]}<\/script>\n<!-- \/ Yoast SEO plugin. -->","yoast_head_json":{"title":"Protecci\u00f3n auditiva mantenimiento equipos","description":"Solo el cuidado correcto de los equipos de protecci\u00f3n auditiva garantizar\u00e1 la correcta prevenci\u00f3n y reducci\u00f3n de los riesgos en los o\u00eddos","robots":{"index":"index","follow":"follow","max-snippet":"max-snippet:-1","max-image-preview":"max-image-preview:large","max-video-preview":"max-video-preview:-1"},"canonical":"https:\/\/intersafe.pt\/index.php\/2021\/10\/14\/como-mantener-mi-equipo-de-proteccion-auditiva\/","og_locale":"es_ES","og_type":"article","og_title":"Protecci\u00f3n auditiva mantenimiento equipos","og_description":"Solo el cuidado correcto de los equipos de protecci\u00f3n auditiva garantizar\u00e1 la correcta prevenci\u00f3n y reducci\u00f3n de los riesgos en los o\u00eddos","og_url":"https:\/\/intersafe.pt\/index.php\/2021\/10\/14\/como-mantener-mi-equipo-de-proteccion-auditiva\/","og_site_name":"Intersafe Portugal","article_published_time":"2021-10-14T06:26:56+00:00","article_modified_time":"2023-03-21T08:50:00+00:00","author":"admin","twitter_card":"summary_large_image","twitter_misc":{"Escrito por":"admin","Tiempo de lectura":"6 minutos"},"schema":{"@context":"https:\/\/schema.org","@graph":[{"@type":"Article","@id":"https:\/\/intersafe.pt\/index.php\/2021\/10\/14\/como-mantener-mi-equipo-de-proteccion-auditiva\/#article","isPartOf":{"@id":"https:\/\/intersafe.pt\/index.php\/2021\/10\/14\/como-mantener-mi-equipo-de-proteccion-auditiva\/"},"author":{"name":"admin","@id":"https:\/\/intersafe.pt\/#\/schema\/person\/f1d43ff9401eeb1fb76690b63f91d128"},"headline":"C\u00f3mo mantener mi equipo de protecci\u00f3n auditiva","datePublished":"2021-10-14T06:26:56+00:00","dateModified":"2023-03-21T08:50:00+00:00","mainEntityOfPage":{"@id":"https:\/\/intersafe.pt\/index.php\/2021\/10\/14\/como-mantener-mi-equipo-de-proteccion-auditiva\/"},"wordCount":1268,"commentCount":0,"publisher":{"@id":"https:\/\/intersafe.pt\/#organization"},"image":{"@id":"https:\/\/intersafe.pt\/index.php\/2021\/10\/14\/como-mantener-mi-equipo-de-proteccion-auditiva\/#primaryimage"},"thumbnailUrl":"","keywords":["Orejeras","Tapones"],"articleSection":["Orejeras","Tapones"],"inLanguage":"es","potentialAction":[{"@type":"CommentAction","name":"Comment","target":["https:\/\/intersafe.pt\/index.php\/2021\/10\/14\/como-mantener-mi-equipo-de-proteccion-auditiva\/#respond"]}]},{"@type":"WebPage","@id":"https:\/\/intersafe.pt\/index.php\/2021\/10\/14\/como-mantener-mi-equipo-de-proteccion-auditiva\/","url":"https:\/\/intersafe.pt\/index.php\/2021\/10\/14\/como-mantener-mi-equipo-de-proteccion-auditiva\/","name":"Protecci\u00f3n auditiva mantenimiento equipos","isPartOf":{"@id":"https:\/\/intersafe.pt\/#website"},"primaryImageOfPage":{"@id":"https:\/\/intersafe.pt\/index.php\/2021\/10\/14\/como-mantener-mi-equipo-de-proteccion-auditiva\/#primaryimage"},"image":{"@id":"https:\/\/intersafe.pt\/index.php\/2021\/10\/14\/como-mantener-mi-equipo-de-proteccion-auditiva\/#primaryimage"},"thumbnailUrl":"","datePublished":"2021-10-14T06:26:56+00:00","dateModified":"2023-03-21T08:50:00+00:00","description":"Solo el cuidado correcto de los equipos de protecci\u00f3n auditiva garantizar\u00e1 la correcta prevenci\u00f3n y reducci\u00f3n de los riesgos en los o\u00eddos","breadcrumb":{"@id":"https:\/\/intersafe.pt\/index.php\/2021\/10\/14\/como-mantener-mi-equipo-de-proteccion-auditiva\/#breadcrumb"},"inLanguage":"es","potentialAction":[{"@type":"ReadAction","target":["https:\/\/intersafe.pt\/index.php\/2021\/10\/14\/como-mantener-mi-equipo-de-proteccion-auditiva\/"]}]},{"@type":"ImageObject","inLanguage":"es","@id":"https:\/\/intersafe.pt\/index.php\/2021\/10\/14\/como-mantener-mi-equipo-de-proteccion-auditiva\/#primaryimage","url":"","contentUrl":""},{"@type":"BreadcrumbList","@id":"https:\/\/intersafe.pt\/index.php\/2021\/10\/14\/como-mantener-mi-equipo-de-proteccion-auditiva\/#breadcrumb","itemListElement":[{"@type":"ListItem","position":1,"name":"Portada","item":"https:\/\/intersafe.pt\/"},{"@type":"ListItem","position":2,"name":"C\u00f3mo mantener mi equipo de protecci\u00f3n auditiva"}]},{"@type":"WebSite","@id":"https:\/\/intersafe.pt\/#website","url":"https:\/\/intersafe.pt\/","name":"Intersafe Portugal","description":"Soluciones integrales en materia de seguridad laboral","publisher":{"@id":"https:\/\/intersafe.pt\/#organization"},"potentialAction":[{"@type":"SearchAction","target":{"@type":"EntryPoint","urlTemplate":"https:\/\/intersafe.pt\/?s={search_term_string}"},"query-input":{"@type":"PropertyValueSpecification","valueRequired":true,"valueName":"search_term_string"}}],"inLanguage":"es"},{"@type":"Organization","@id":"https:\/\/intersafe.pt\/#organization","name":"Intersafe Portugal","url":"https:\/\/intersafe.pt\/","logo":{"@type":"ImageObject","inLanguage":"es","@id":"https:\/\/intersafe.pt\/#\/schema\/logo\/image\/","url":"https:\/\/intersafe.pt\/wp-content\/uploads\/2024\/12\/cropped-Lyreco_Intersafe_Logotype_RGB_negative.png","contentUrl":"https:\/\/intersafe.pt\/wp-content\/uploads\/2024\/12\/cropped-Lyreco_Intersafe_Logotype_RGB_negative.png","width":1607,"height":623,"caption":"Intersafe Portugal"},"image":{"@id":"https:\/\/intersafe.pt\/#\/schema\/logo\/image\/"}},{"@type":"Person","@id":"https:\/\/intersafe.pt\/#\/schema\/person\/f1d43ff9401eeb1fb76690b63f91d128","name":"admin","image":{"@type":"ImageObject","inLanguage":"es","@id":"https:\/\/secure.gravatar.com\/avatar\/0a70928f7c8555b0c3d9fffa3ad3476f0c53fd84ed0c3555b6149a2fae34470b?s=96&d=mm&r=g","url":"https:\/\/secure.gravatar.com\/avatar\/0a70928f7c8555b0c3d9fffa3ad3476f0c53fd84ed0c3555b6149a2fae34470b?s=96&d=mm&r=g","contentUrl":"https:\/\/secure.gravatar.com\/avatar\/0a70928f7c8555b0c3d9fffa3ad3476f0c53fd84ed0c3555b6149a2fae34470b?s=96&d=mm&r=g","caption":"admin"},"sameAs":["https:\/\/intersafe.pt"],"url":"https:\/\/intersafe.pt\/index.php\/author\/intersafe-cex-23\/"}]}},"_links":{"self":[{"href":"https:\/\/intersafe.pt\/index.php\/wp-json\/wp\/v2\/posts\/215","targetHints":{"allow":["GET"]}}],"collection":[{"href":"https:\/\/intersafe.pt\/index.php\/wp-json\/wp\/v2\/posts"}],"about":[{"href":"https:\/\/intersafe.pt\/index.php\/wp-json\/wp\/v2\/types\/post"}],"author":[{"embeddable":true,"href":"https:\/\/intersafe.pt\/index.php\/wp-json\/wp\/v2\/users\/1"}],"replies":[{"embeddable":true,"href":"https:\/\/intersafe.pt\/index.php\/wp-json\/wp\/v2\/comments?post=215"}],"version-history":[{"count":5,"href":"https:\/\/intersafe.pt\/index.php\/wp-json\/wp\/v2\/posts\/215\/revisions"}],"predecessor-version":[{"id":2016,"href":"https:\/\/intersafe.pt\/index.php\/wp-json\/wp\/v2\/posts\/215\/revisions\/2016"}],"wp:featuredmedia":[{"embeddable":true,"href":"https:\/\/intersafe.pt\/index.php\/wp-json\/"}],"wp:attachment":[{"href":"https:\/\/intersafe.pt\/index.php\/wp-json\/wp\/v2\/media?parent=215"}],"wp:term":[{"taxonomy":"category","embeddable":true,"href":"https:\/\/intersafe.pt\/index.php\/wp-json\/wp\/v2\/categories?post=215"},{"taxonomy":"post_tag","embeddable":true,"href":"https:\/\/intersafe.pt\/index.php\/wp-json\/wp\/v2\/tags?post=215"}],"curies":[{"name":"wp","href":"https:\/\/api.w.org\/{rel}","templated":true}]}}