{"id":2311,"date":"2023-09-27T09:57:58","date_gmt":"2023-09-27T09:57:58","guid":{"rendered":"https:\/\/intersafe.es\/?p=2311"},"modified":"2024-01-16T12:40:17","modified_gmt":"2024-01-16T12:40:17","slug":"equipamiento-de-seguridad-epis-para-empresas-de-logista","status":"publish","type":"post","link":"https:\/\/intersafe.pt\/index.php\/2023\/09\/27\/equipamiento-de-seguridad-epis-para-empresas-de-logista\/","title":{"rendered":"EQUIPAMIENTO DE SEGURIDAD (epiS) PARA EMPRESAS DE LOG\u00cdSTA"},"content":{"rendered":"\t\t<div data-elementor-type=\"wp-post\" data-elementor-id=\"2311\" class=\"elementor elementor-2311\">\n\t\t\t\t\t\t\t\t\t<section class=\"elementor-section elementor-top-section elementor-element elementor-element-25e9095 elementor-section-boxed elementor-section-height-default elementor-section-height-default\" data-id=\"25e9095\" data-element_type=\"section\">\n\t\t\t\t\t\t<div class=\"elementor-container elementor-column-gap-default\">\n\t\t\t\t\t<div class=\"elementor-column elementor-col-100 elementor-top-column elementor-element elementor-element-3d7ddc7\" data-id=\"3d7ddc7\" data-element_type=\"column\">\n\t\t\t<div class=\"elementor-widget-wrap elementor-element-populated\">\n\t\t\t\t\t\t\t\t<div class=\"elementor-element elementor-element-8f3a792 elementor-widget elementor-widget-text-editor\" data-id=\"8f3a792\" data-element_type=\"widget\" data-widget_type=\"text-editor.default\">\n\t\t\t\t<div class=\"elementor-widget-container\">\n\t\t\t<style>\/*! elementor - v3.16.0 - 12-09-2023 *\/\n.elementor-widget-text-editor.elementor-drop-cap-view-stacked .elementor-drop-cap{background-color:#69727d;color:#fff}.elementor-widget-text-editor.elementor-drop-cap-view-framed .elementor-drop-cap{color:#69727d;border:3px solid;background-color:transparent}.elementor-widget-text-editor:not(.elementor-drop-cap-view-default) .elementor-drop-cap{margin-top:8px}.elementor-widget-text-editor:not(.elementor-drop-cap-view-default) .elementor-drop-cap-letter{width:1em;height:1em}.elementor-widget-text-editor .elementor-drop-cap{float:left;text-align:center;line-height:1;font-size:50px}.elementor-widget-text-editor .elementor-drop-cap-letter{display:inline-block}<\/style><span id=\"scroll69f38535d9d91\"  class=\"scrollMagicControl\" type=\"hidden\" effect = {} wpmp_enable_desktop=\"yes\" wpmp_enable_tablet=\"yes\" wpmp_enable_mobile=\"yes\" wpmp_trigger_hook=\"0.5\" wpmp_reverse=\"yes\" wpmp_class_CSS =\"custom\" split-text = {} value=\"scrollmagic\"><\/span>\t\t\t\t<h2><span style=\"color: #2c3283;\">Equipamiento de seguridad para empresas de log\u00edstica<\/span><\/h2>\t\t\t\t\t\t<\/div>\n\t\t\t\t<\/div>\n\t\t\t\t<div class=\"elementor-element elementor-element-6db2d9b elementor-widget elementor-widget-image\" data-id=\"6db2d9b\" data-element_type=\"widget\" data-widget_type=\"image.default\">\n\t\t\t\t<div class=\"elementor-widget-container\">\n\t\t\t<style>\/*! elementor - v3.16.0 - 12-09-2023 *\/\n.elementor-widget-image{text-align:center}.elementor-widget-image a{display:inline-block}.elementor-widget-image a img[src$=\".svg\"]{width:48px}.elementor-widget-image img{vertical-align:middle;display:inline-block}<\/style><span id=\"scroll69f38535db79d\"  class=\"scrollMagicControl\" type=\"hidden\" effect = {} wpmp_enable_desktop=\"yes\" wpmp_enable_tablet=\"yes\" wpmp_enable_mobile=\"yes\" wpmp_trigger_hook=\"0.5\" wpmp_reverse=\"yes\" wpmp_class_CSS =\"custom\" split-text = {} value=\"scrollmagic\"><\/span>\t\t\t\t\t\t\t\t\t\t\t\t<img loading=\"lazy\" decoding=\"async\" width=\"1080\" height=\"606\" src=\"https:\/\/intersafe.pt\/wp-content\/uploads\/2023\/09\/67-Epis-para-logistica-e1695808277196.jpg\" class=\"attachment-full size-full wp-image-2312\" alt=\"\" srcset=\"https:\/\/intersafe.pt\/wp-content\/uploads\/2023\/09\/67-Epis-para-logistica-e1695808277196.jpg 1080w, https:\/\/intersafe.pt\/wp-content\/uploads\/2023\/09\/67-Epis-para-logistica-e1695808277196-300x168.jpg 300w, https:\/\/intersafe.pt\/wp-content\/uploads\/2023\/09\/67-Epis-para-logistica-e1695808277196-1024x575.jpg 1024w, https:\/\/intersafe.pt\/wp-content\/uploads\/2023\/09\/67-Epis-para-logistica-e1695808277196-768x431.jpg 768w\" sizes=\"auto, (max-width: 1080px) 100vw, 1080px\" \/>\t\t\t\t\t\t\t\t\t\t\t\t\t\t\t<\/div>\n\t\t\t\t<\/div>\n\t\t\t\t<div class=\"elementor-element elementor-element-b89f3cb elementor-widget__width-initial elementor-widget elementor-widget-text-editor\" data-id=\"b89f3cb\" data-element_type=\"widget\" data-widget_type=\"text-editor.default\">\n\t\t\t\t<div class=\"elementor-widget-container\">\n\t\t\t<span id=\"scroll69f38535dbcdf\"  class=\"scrollMagicControl\" type=\"hidden\" effect = {} wpmp_enable_desktop=\"yes\" wpmp_enable_tablet=\"yes\" wpmp_enable_mobile=\"yes\" wpmp_trigger_hook=\"0.5\" wpmp_reverse=\"yes\" wpmp_class_CSS =\"custom\" split-text = {} value=\"scrollmagic\"><\/span>\t\t\t\t<p>E<\/p><h2><span style=\"color: #2d2e87;\"><span class=\"TextRun SCXW82630939 BCX0\" lang=\"ES\" xml:lang=\"ES\" data-contrast=\"auto\"><span class=\"NormalTextRun SCXW82630939 BCX0\" data-ccp-parastyle=\"heading 2\">Protecci\u00f3n de la cabeza <\/span><\/span><\/span><\/h2><p>En el sector log\u00edstica lo m\u00e1s usado son las gorras, no se suelen usar como protecci\u00f3n los cascos. Dentro de las gorras, las tenemos, sin protecci\u00f3n en la cabeza o con protecci\u00f3n (dependiendo si hay o no riesgo de desprendimiento de alg\u00fan objeto sobre la cabeza.<\/p><p>Otra caracter\u00edstica de esta prenda es, las de visera larga o visera corta, (en trabajos que la que necesitas tener visibilidad, es importante tener una visera corta, sin embargo, en trabajos de log\u00edstica exterior donde la luminosidad o el sol es molesto, se recomienda y se usa viseras largas. En estas prendas tambi\u00e9n las tenemos, en colores de alta visibilidad (para trabajos en v\u00edas p\u00fablicas, o en exteriores si la norma lo requiere), las tenemos azules o blancas muy usadas en el sector alimentario, o variadas en colores y con logos personalizados para el resto de los sectores.<\/p><h2><span style=\"color: #2c3283;\">Protecci\u00f3n ocular <\/span><\/h2><p>Para la parte log\u00edstica, las gafas no suelen ser un producto muy habitual, pero si hay ocasiones que lo requieren, sobre todo el trabajo en exterior, debido a la luminosidad de la luz. En este aspecto en Lyreco por ejemplo tenemos varias opciones, desde gafas solares, gafas ahumadas, gafas polarizadas, y unas gafas especiales llamadas In&amp;out, (que se adaptan a la luz, seg\u00fan estes en el interior o el exterior de las instalaciones). <\/p><h2><span style=\"color: #2c3283;\">Protecci\u00f3n auditiva<\/span><\/h2><p>En este apartado, de orejeras, tapones, depende mucho el uso del sector y del ruido que se genere en cada empresa o sector (un aeropuerto deber\u00eda llevar unas orejeras, de alta visibilidad, con una atenuaci\u00f3n del ruido alto, e incluso con bluetooh o con radio de comunicaci\u00f3n para recibir o dar \u00f3rdenes, &#8230; en Lyreco tenemos unos de 3M) y un sector por ejemplo de manufacturing, podr\u00eda usar una orejera o un tap\u00f3n m\u00e1s b\u00e1sico que lo proteja adecuadamente del ruido<\/p><h2><span style=\"color: #2c3283;\">Protecci\u00f3n de las manos <\/span><\/h2><p>Aqu\u00ed s\u00ed que depender\u00e1 de varios factores el tipo de guantes que usa este sector de log\u00edstica.<\/p><ul><li>La necesidad de un guante anticorte si transportan o manipulan productos que produzcan cortes.<\/li><li>El entorno si es seco, h\u00famedo, oleoso, o incluso con bajas temperaturas.<\/li><li>El sector, si es alimentario, con riesgos qu\u00edmicos, petroleras, cristaleras, etc.<\/li><\/ul><p>De todas formas, el guante m\u00e1s usado en log\u00edstica sobre todo en interiores es un guante mec\u00e1nico de normativa 3121X; (grado de abrasi\u00f3n normal, bajo anticorte) &#8230; En el exterior a\u00fan se sigue usando el guante flor vacuno Y en carretilleros con bajas temperaturas un guante con protecci\u00f3n al frio<\/p><p>Quiz\u00e1 estos sean los 3 guantes m\u00e1s usado en log\u00edstica, sin entrar en sectores m\u00e1s espec\u00edficos.<\/p><h2><span style=\"color: #2c3283;\">Protecci\u00f3n de los pies <\/span><\/h2><p>Esta parte de protecci\u00f3n se divide en dos grandes bloques, trabajos en interior, o trabajos en exterior, en la que se necesite un zapato o bota resistente al agua.<\/p><p>Aqu\u00ed la norma y el mercado tiene dos tipos de zapato claramente, un S1P Y S3, ambos son modelos tipo deportiva, zapato o bota, con suelas y punteras de protecci\u00f3n, pero con la gran diferencia que el S3 es resistente al agua y es usado para trabajo en exterior.<\/p><p>Si luego nos centramos en sectores industriales, ya la parte de alimentaci\u00f3n tiene un calzado especial, con una normativa espec\u00edfica. Los trabajos de riesgos qu\u00edmicos, o trabajos con riesgos extremos de temperaturas, tambi\u00e9n lo tendr\u00edan, pero las dos grandes diferencias son las descriptas arriba, S1P Y S3.<\/p><h2><span style=\"color: #2c3283;\">Ropa laboral <\/span><\/h2><p>Para el sector log\u00edstica, la ropa es tambi\u00e9n un punto importante e incluso en algunos casos si ya se considera un Epi porque protege al trabajador contra alg\u00fan peligro.<\/p><p>Lo m\u00e1s usado en log\u00edstica, es ropa b\u00e1sica, sin protecci\u00f3n, con el logo de cada empresa.<\/p><p>Pero la norma es distinta, seg\u00fan el sector o el puesto que realice, si el trabajador anda en exterior, se suelen dar prendas de abrigo o resistentes a la lluvia. Si el trabajador trabaja como conductor suelen tener prendas de alta visibilidad por normativa, y no solo como conductor de un trasporte, tambi\u00e9n en el interior de las empresas, si la velocidad supera los 10km por hora, es obligatorio usar pendas de Alta visibilidad para que el trabajador sea visto por sus compa\u00f1eros. -Otros ejemplos, si es una empresa de alimentaci\u00f3n, ser\u00edan prendas sin cremalleras, sin botones. Si trabajan en log\u00edstica de c\u00e1maras frigor\u00edficas, tambi\u00e9n hay ropa espec\u00edfica para ese sector. Y sectores de alto riesgo, tienes su ropa contra el calor o la llama tambi\u00e9n.<\/p>\t\t\t\t\t\t<\/div>\n\t\t\t\t<\/div>\n\t\t\t\t\t<\/div>\n\t\t<\/div>\n\t\t\t\t\t\t\t<\/div>\n\t\t<\/section>\n\t\t\t\t\t\t\t<\/div>\n\t\t","protected":false},"excerpt":{"rendered":"<p>Equipamiento de seguridad para empresas de log\u00edstica E Protecci\u00f3n de la cabeza En el sector log\u00edstica lo m\u00e1s usado son las gorras, no se suelen usar como protecci\u00f3n los cascos. Dentro de las gorras, las tenemos, sin protecci\u00f3n en la cabeza o con protecci\u00f3n (dependiendo si hay o no riesgo de desprendimiento de alg\u00fan objeto &hellip;<\/p>\n<p class=\"read-more\"> <a class=\"\" href=\"https:\/\/intersafe.pt\/index.php\/2023\/09\/27\/equipamiento-de-seguridad-epis-para-empresas-de-logista\/\"> <span class=\"screen-reader-text\">EQUIPAMIENTO DE SEGURIDAD (epiS) PARA EMPRESAS DE LOG\u00cdSTA<\/span> Leer m\u00e1s \u00bb<\/a><\/p>\n","protected":false},"author":1,"featured_media":0,"comment_status":"open","ping_status":"open","sticky":false,"template":"","format":"standard","meta":{"site-sidebar-layout":"default","site-content-layout":"default","ast-global-header-display":"","ast-banner-title-visibility":"","ast-main-header-display":"","ast-hfb-above-header-display":"","ast-hfb-below-header-display":"","ast-hfb-mobile-header-display":"","site-post-title":"disabled","ast-breadcrumbs-content":"","ast-featured-img":"","footer-sml-layout":"","theme-transparent-header-meta":"","adv-header-id-meta":"","stick-header-meta":"","header-above-stick-meta":"","header-main-stick-meta":"","header-below-stick-meta":"","footnotes":""},"categories":[1],"tags":[],"class_list":["post-2311","post","type-post","status-publish","format-standard","hentry","category-uncategorized"],"yoast_head":"<!-- This site is optimized with the Yoast SEO plugin v27.5 - https:\/\/yoast.com\/product\/yoast-seo-wordpress\/ -->\n<title>EQUIPAMIENTO DE SEGURIDAD (epiS) PARA EMPRESAS DE LOG\u00cdSTA - Intersafe Portugal<\/title>\n<meta name=\"robots\" content=\"index, follow, max-snippet:-1, max-image-preview:large, max-video-preview:-1\" \/>\n<link rel=\"canonical\" href=\"https:\/\/intersafe.pt\/index.php\/2023\/09\/27\/equipamiento-de-seguridad-epis-para-empresas-de-logista\/\" \/>\n<meta property=\"og:locale\" content=\"es_ES\" \/>\n<meta property=\"og:type\" content=\"article\" \/>\n<meta property=\"og:title\" content=\"EQUIPAMIENTO DE SEGURIDAD (epiS) PARA EMPRESAS DE LOG\u00cdSTA - Intersafe Portugal\" \/>\n<meta property=\"og:description\" content=\"Equipamiento de seguridad para empresas de log\u00edstica E Protecci\u00f3n de la cabeza En el sector log\u00edstica lo m\u00e1s usado son las gorras, no se suelen usar como protecci\u00f3n los cascos. Dentro de las gorras, las tenemos, sin protecci\u00f3n en la cabeza o con protecci\u00f3n (dependiendo si hay o no riesgo de desprendimiento de alg\u00fan objeto &hellip; EQUIPAMIENTO DE SEGURIDAD (epiS) PARA EMPRESAS DE LOG\u00cdSTA Leer m\u00e1s \u00bb\" \/>\n<meta property=\"og:url\" content=\"https:\/\/intersafe.pt\/index.php\/2023\/09\/27\/equipamiento-de-seguridad-epis-para-empresas-de-logista\/\" \/>\n<meta property=\"og:site_name\" content=\"Intersafe Portugal\" \/>\n<meta property=\"article:published_time\" content=\"2023-09-27T09:57:58+00:00\" \/>\n<meta property=\"article:modified_time\" content=\"2024-01-16T12:40:17+00:00\" \/>\n<meta property=\"og:image\" content=\"https:\/\/intersafe.pt\/wp-content\/uploads\/2023\/09\/67-Epis-para-logistica-e1695808277196.jpg\" \/>\n<meta name=\"author\" content=\"admin\" \/>\n<meta name=\"twitter:card\" content=\"summary_large_image\" \/>\n<meta name=\"twitter:label1\" content=\"Escrito por\" \/>\n\t<meta name=\"twitter:data1\" content=\"admin\" \/>\n\t<meta name=\"twitter:label2\" content=\"Tiempo de lectura\" \/>\n\t<meta name=\"twitter:data2\" content=\"4 minutos\" \/>\n<script type=\"application\/ld+json\" class=\"yoast-schema-graph\">{\"@context\":\"https:\\\/\\\/schema.org\",\"@graph\":[{\"@type\":\"Article\",\"@id\":\"https:\\\/\\\/intersafe.pt\\\/index.php\\\/2023\\\/09\\\/27\\\/equipamiento-de-seguridad-epis-para-empresas-de-logista\\\/#article\",\"isPartOf\":{\"@id\":\"https:\\\/\\\/intersafe.pt\\\/index.php\\\/2023\\\/09\\\/27\\\/equipamiento-de-seguridad-epis-para-empresas-de-logista\\\/\"},\"author\":{\"name\":\"admin\",\"@id\":\"https:\\\/\\\/intersafe.pt\\\/#\\\/schema\\\/person\\\/f1d43ff9401eeb1fb76690b63f91d128\"},\"headline\":\"EQUIPAMIENTO DE SEGURIDAD (epiS) PARA EMPRESAS DE LOG\u00cdSTA\",\"datePublished\":\"2023-09-27T09:57:58+00:00\",\"dateModified\":\"2024-01-16T12:40:17+00:00\",\"mainEntityOfPage\":{\"@id\":\"https:\\\/\\\/intersafe.pt\\\/index.php\\\/2023\\\/09\\\/27\\\/equipamiento-de-seguridad-epis-para-empresas-de-logista\\\/\"},\"wordCount\":814,\"commentCount\":0,\"publisher\":{\"@id\":\"https:\\\/\\\/intersafe.pt\\\/#organization\"},\"image\":{\"@id\":\"https:\\\/\\\/intersafe.pt\\\/index.php\\\/2023\\\/09\\\/27\\\/equipamiento-de-seguridad-epis-para-empresas-de-logista\\\/#primaryimage\"},\"thumbnailUrl\":\"https:\\\/\\\/intersafe.pt\\\/wp-content\\\/uploads\\\/2023\\\/09\\\/67-Epis-para-logistica-e1695808277196.jpg\",\"articleSection\":[\"Uncategorized\"],\"inLanguage\":\"es\",\"potentialAction\":[{\"@type\":\"CommentAction\",\"name\":\"Comment\",\"target\":[\"https:\\\/\\\/intersafe.pt\\\/index.php\\\/2023\\\/09\\\/27\\\/equipamiento-de-seguridad-epis-para-empresas-de-logista\\\/#respond\"]}]},{\"@type\":\"WebPage\",\"@id\":\"https:\\\/\\\/intersafe.pt\\\/index.php\\\/2023\\\/09\\\/27\\\/equipamiento-de-seguridad-epis-para-empresas-de-logista\\\/\",\"url\":\"https:\\\/\\\/intersafe.pt\\\/index.php\\\/2023\\\/09\\\/27\\\/equipamiento-de-seguridad-epis-para-empresas-de-logista\\\/\",\"name\":\"EQUIPAMIENTO DE SEGURIDAD (epiS) PARA EMPRESAS DE LOG\u00cdSTA - Intersafe Portugal\",\"isPartOf\":{\"@id\":\"https:\\\/\\\/intersafe.pt\\\/#website\"},\"primaryImageOfPage\":{\"@id\":\"https:\\\/\\\/intersafe.pt\\\/index.php\\\/2023\\\/09\\\/27\\\/equipamiento-de-seguridad-epis-para-empresas-de-logista\\\/#primaryimage\"},\"image\":{\"@id\":\"https:\\\/\\\/intersafe.pt\\\/index.php\\\/2023\\\/09\\\/27\\\/equipamiento-de-seguridad-epis-para-empresas-de-logista\\\/#primaryimage\"},\"thumbnailUrl\":\"https:\\\/\\\/intersafe.pt\\\/wp-content\\\/uploads\\\/2023\\\/09\\\/67-Epis-para-logistica-e1695808277196.jpg\",\"datePublished\":\"2023-09-27T09:57:58+00:00\",\"dateModified\":\"2024-01-16T12:40:17+00:00\",\"breadcrumb\":{\"@id\":\"https:\\\/\\\/intersafe.pt\\\/index.php\\\/2023\\\/09\\\/27\\\/equipamiento-de-seguridad-epis-para-empresas-de-logista\\\/#breadcrumb\"},\"inLanguage\":\"es\",\"potentialAction\":[{\"@type\":\"ReadAction\",\"target\":[\"https:\\\/\\\/intersafe.pt\\\/index.php\\\/2023\\\/09\\\/27\\\/equipamiento-de-seguridad-epis-para-empresas-de-logista\\\/\"]}]},{\"@type\":\"ImageObject\",\"inLanguage\":\"es\",\"@id\":\"https:\\\/\\\/intersafe.pt\\\/index.php\\\/2023\\\/09\\\/27\\\/equipamiento-de-seguridad-epis-para-empresas-de-logista\\\/#primaryimage\",\"url\":\"https:\\\/\\\/intersafe.pt\\\/wp-content\\\/uploads\\\/2023\\\/09\\\/67-Epis-para-logistica-e1695808277196.jpg\",\"contentUrl\":\"https:\\\/\\\/intersafe.pt\\\/wp-content\\\/uploads\\\/2023\\\/09\\\/67-Epis-para-logistica-e1695808277196.jpg\",\"width\":1080,\"height\":606},{\"@type\":\"BreadcrumbList\",\"@id\":\"https:\\\/\\\/intersafe.pt\\\/index.php\\\/2023\\\/09\\\/27\\\/equipamiento-de-seguridad-epis-para-empresas-de-logista\\\/#breadcrumb\",\"itemListElement\":[{\"@type\":\"ListItem\",\"position\":1,\"name\":\"Portada\",\"item\":\"https:\\\/\\\/intersafe.pt\\\/\"},{\"@type\":\"ListItem\",\"position\":2,\"name\":\"EQUIPAMIENTO DE SEGURIDAD (epiS) PARA EMPRESAS DE LOG\u00cdSTA\"}]},{\"@type\":\"WebSite\",\"@id\":\"https:\\\/\\\/intersafe.pt\\\/#website\",\"url\":\"https:\\\/\\\/intersafe.pt\\\/\",\"name\":\"Intersafe Portugal\",\"description\":\"Soluciones integrales en materia de seguridad laboral\",\"publisher\":{\"@id\":\"https:\\\/\\\/intersafe.pt\\\/#organization\"},\"potentialAction\":[{\"@type\":\"SearchAction\",\"target\":{\"@type\":\"EntryPoint\",\"urlTemplate\":\"https:\\\/\\\/intersafe.pt\\\/?s={search_term_string}\"},\"query-input\":{\"@type\":\"PropertyValueSpecification\",\"valueRequired\":true,\"valueName\":\"search_term_string\"}}],\"inLanguage\":\"es\"},{\"@type\":\"Organization\",\"@id\":\"https:\\\/\\\/intersafe.pt\\\/#organization\",\"name\":\"Intersafe Portugal\",\"url\":\"https:\\\/\\\/intersafe.pt\\\/\",\"logo\":{\"@type\":\"ImageObject\",\"inLanguage\":\"es\",\"@id\":\"https:\\\/\\\/intersafe.pt\\\/#\\\/schema\\\/logo\\\/image\\\/\",\"url\":\"https:\\\/\\\/intersafe.pt\\\/wp-content\\\/uploads\\\/2024\\\/12\\\/cropped-Lyreco_Intersafe_Logotype_RGB_negative.png\",\"contentUrl\":\"https:\\\/\\\/intersafe.pt\\\/wp-content\\\/uploads\\\/2024\\\/12\\\/cropped-Lyreco_Intersafe_Logotype_RGB_negative.png\",\"width\":1607,\"height\":623,\"caption\":\"Intersafe Portugal\"},\"image\":{\"@id\":\"https:\\\/\\\/intersafe.pt\\\/#\\\/schema\\\/logo\\\/image\\\/\"}},{\"@type\":\"Person\",\"@id\":\"https:\\\/\\\/intersafe.pt\\\/#\\\/schema\\\/person\\\/f1d43ff9401eeb1fb76690b63f91d128\",\"name\":\"admin\",\"image\":{\"@type\":\"ImageObject\",\"inLanguage\":\"es\",\"@id\":\"https:\\\/\\\/secure.gravatar.com\\\/avatar\\\/0a70928f7c8555b0c3d9fffa3ad3476f0c53fd84ed0c3555b6149a2fae34470b?s=96&d=mm&r=g\",\"url\":\"https:\\\/\\\/secure.gravatar.com\\\/avatar\\\/0a70928f7c8555b0c3d9fffa3ad3476f0c53fd84ed0c3555b6149a2fae34470b?s=96&d=mm&r=g\",\"contentUrl\":\"https:\\\/\\\/secure.gravatar.com\\\/avatar\\\/0a70928f7c8555b0c3d9fffa3ad3476f0c53fd84ed0c3555b6149a2fae34470b?s=96&d=mm&r=g\",\"caption\":\"admin\"},\"sameAs\":[\"https:\\\/\\\/intersafe.pt\"],\"url\":\"https:\\\/\\\/intersafe.pt\\\/index.php\\\/author\\\/intersafe-cex-23\\\/\"}]}<\/script>\n<!-- \/ Yoast SEO plugin. -->","yoast_head_json":{"title":"EQUIPAMIENTO DE SEGURIDAD (epiS) PARA EMPRESAS DE LOG\u00cdSTA - Intersafe Portugal","robots":{"index":"index","follow":"follow","max-snippet":"max-snippet:-1","max-image-preview":"max-image-preview:large","max-video-preview":"max-video-preview:-1"},"canonical":"https:\/\/intersafe.pt\/index.php\/2023\/09\/27\/equipamiento-de-seguridad-epis-para-empresas-de-logista\/","og_locale":"es_ES","og_type":"article","og_title":"EQUIPAMIENTO DE SEGURIDAD (epiS) PARA EMPRESAS DE LOG\u00cdSTA - Intersafe Portugal","og_description":"Equipamiento de seguridad para empresas de log\u00edstica E Protecci\u00f3n de la cabeza En el sector log\u00edstica lo m\u00e1s usado son las gorras, no se suelen usar como protecci\u00f3n los cascos. Dentro de las gorras, las tenemos, sin protecci\u00f3n en la cabeza o con protecci\u00f3n (dependiendo si hay o no riesgo de desprendimiento de alg\u00fan objeto &hellip; EQUIPAMIENTO DE SEGURIDAD (epiS) PARA EMPRESAS DE LOG\u00cdSTA Leer m\u00e1s \u00bb","og_url":"https:\/\/intersafe.pt\/index.php\/2023\/09\/27\/equipamiento-de-seguridad-epis-para-empresas-de-logista\/","og_site_name":"Intersafe Portugal","article_published_time":"2023-09-27T09:57:58+00:00","article_modified_time":"2024-01-16T12:40:17+00:00","og_image":[{"url":"https:\/\/intersafe.pt\/wp-content\/uploads\/2023\/09\/67-Epis-para-logistica-e1695808277196.jpg","type":"","width":"","height":""}],"author":"admin","twitter_card":"summary_large_image","twitter_misc":{"Escrito por":"admin","Tiempo de lectura":"4 minutos"},"schema":{"@context":"https:\/\/schema.org","@graph":[{"@type":"Article","@id":"https:\/\/intersafe.pt\/index.php\/2023\/09\/27\/equipamiento-de-seguridad-epis-para-empresas-de-logista\/#article","isPartOf":{"@id":"https:\/\/intersafe.pt\/index.php\/2023\/09\/27\/equipamiento-de-seguridad-epis-para-empresas-de-logista\/"},"author":{"name":"admin","@id":"https:\/\/intersafe.pt\/#\/schema\/person\/f1d43ff9401eeb1fb76690b63f91d128"},"headline":"EQUIPAMIENTO DE SEGURIDAD (epiS) PARA EMPRESAS DE LOG\u00cdSTA","datePublished":"2023-09-27T09:57:58+00:00","dateModified":"2024-01-16T12:40:17+00:00","mainEntityOfPage":{"@id":"https:\/\/intersafe.pt\/index.php\/2023\/09\/27\/equipamiento-de-seguridad-epis-para-empresas-de-logista\/"},"wordCount":814,"commentCount":0,"publisher":{"@id":"https:\/\/intersafe.pt\/#organization"},"image":{"@id":"https:\/\/intersafe.pt\/index.php\/2023\/09\/27\/equipamiento-de-seguridad-epis-para-empresas-de-logista\/#primaryimage"},"thumbnailUrl":"https:\/\/intersafe.pt\/wp-content\/uploads\/2023\/09\/67-Epis-para-logistica-e1695808277196.jpg","articleSection":["Uncategorized"],"inLanguage":"es","potentialAction":[{"@type":"CommentAction","name":"Comment","target":["https:\/\/intersafe.pt\/index.php\/2023\/09\/27\/equipamiento-de-seguridad-epis-para-empresas-de-logista\/#respond"]}]},{"@type":"WebPage","@id":"https:\/\/intersafe.pt\/index.php\/2023\/09\/27\/equipamiento-de-seguridad-epis-para-empresas-de-logista\/","url":"https:\/\/intersafe.pt\/index.php\/2023\/09\/27\/equipamiento-de-seguridad-epis-para-empresas-de-logista\/","name":"EQUIPAMIENTO DE SEGURIDAD (epiS) PARA EMPRESAS DE LOG\u00cdSTA - Intersafe Portugal","isPartOf":{"@id":"https:\/\/intersafe.pt\/#website"},"primaryImageOfPage":{"@id":"https:\/\/intersafe.pt\/index.php\/2023\/09\/27\/equipamiento-de-seguridad-epis-para-empresas-de-logista\/#primaryimage"},"image":{"@id":"https:\/\/intersafe.pt\/index.php\/2023\/09\/27\/equipamiento-de-seguridad-epis-para-empresas-de-logista\/#primaryimage"},"thumbnailUrl":"https:\/\/intersafe.pt\/wp-content\/uploads\/2023\/09\/67-Epis-para-logistica-e1695808277196.jpg","datePublished":"2023-09-27T09:57:58+00:00","dateModified":"2024-01-16T12:40:17+00:00","breadcrumb":{"@id":"https:\/\/intersafe.pt\/index.php\/2023\/09\/27\/equipamiento-de-seguridad-epis-para-empresas-de-logista\/#breadcrumb"},"inLanguage":"es","potentialAction":[{"@type":"ReadAction","target":["https:\/\/intersafe.pt\/index.php\/2023\/09\/27\/equipamiento-de-seguridad-epis-para-empresas-de-logista\/"]}]},{"@type":"ImageObject","inLanguage":"es","@id":"https:\/\/intersafe.pt\/index.php\/2023\/09\/27\/equipamiento-de-seguridad-epis-para-empresas-de-logista\/#primaryimage","url":"https:\/\/intersafe.pt\/wp-content\/uploads\/2023\/09\/67-Epis-para-logistica-e1695808277196.jpg","contentUrl":"https:\/\/intersafe.pt\/wp-content\/uploads\/2023\/09\/67-Epis-para-logistica-e1695808277196.jpg","width":1080,"height":606},{"@type":"BreadcrumbList","@id":"https:\/\/intersafe.pt\/index.php\/2023\/09\/27\/equipamiento-de-seguridad-epis-para-empresas-de-logista\/#breadcrumb","itemListElement":[{"@type":"ListItem","position":1,"name":"Portada","item":"https:\/\/intersafe.pt\/"},{"@type":"ListItem","position":2,"name":"EQUIPAMIENTO DE SEGURIDAD (epiS) PARA EMPRESAS DE LOG\u00cdSTA"}]},{"@type":"WebSite","@id":"https:\/\/intersafe.pt\/#website","url":"https:\/\/intersafe.pt\/","name":"Intersafe Portugal","description":"Soluciones integrales en materia de seguridad laboral","publisher":{"@id":"https:\/\/intersafe.pt\/#organization"},"potentialAction":[{"@type":"SearchAction","target":{"@type":"EntryPoint","urlTemplate":"https:\/\/intersafe.pt\/?s={search_term_string}"},"query-input":{"@type":"PropertyValueSpecification","valueRequired":true,"valueName":"search_term_string"}}],"inLanguage":"es"},{"@type":"Organization","@id":"https:\/\/intersafe.pt\/#organization","name":"Intersafe Portugal","url":"https:\/\/intersafe.pt\/","logo":{"@type":"ImageObject","inLanguage":"es","@id":"https:\/\/intersafe.pt\/#\/schema\/logo\/image\/","url":"https:\/\/intersafe.pt\/wp-content\/uploads\/2024\/12\/cropped-Lyreco_Intersafe_Logotype_RGB_negative.png","contentUrl":"https:\/\/intersafe.pt\/wp-content\/uploads\/2024\/12\/cropped-Lyreco_Intersafe_Logotype_RGB_negative.png","width":1607,"height":623,"caption":"Intersafe Portugal"},"image":{"@id":"https:\/\/intersafe.pt\/#\/schema\/logo\/image\/"}},{"@type":"Person","@id":"https:\/\/intersafe.pt\/#\/schema\/person\/f1d43ff9401eeb1fb76690b63f91d128","name":"admin","image":{"@type":"ImageObject","inLanguage":"es","@id":"https:\/\/secure.gravatar.com\/avatar\/0a70928f7c8555b0c3d9fffa3ad3476f0c53fd84ed0c3555b6149a2fae34470b?s=96&d=mm&r=g","url":"https:\/\/secure.gravatar.com\/avatar\/0a70928f7c8555b0c3d9fffa3ad3476f0c53fd84ed0c3555b6149a2fae34470b?s=96&d=mm&r=g","contentUrl":"https:\/\/secure.gravatar.com\/avatar\/0a70928f7c8555b0c3d9fffa3ad3476f0c53fd84ed0c3555b6149a2fae34470b?s=96&d=mm&r=g","caption":"admin"},"sameAs":["https:\/\/intersafe.pt"],"url":"https:\/\/intersafe.pt\/index.php\/author\/intersafe-cex-23\/"}]}},"_links":{"self":[{"href":"https:\/\/intersafe.pt\/index.php\/wp-json\/wp\/v2\/posts\/2311","targetHints":{"allow":["GET"]}}],"collection":[{"href":"https:\/\/intersafe.pt\/index.php\/wp-json\/wp\/v2\/posts"}],"about":[{"href":"https:\/\/intersafe.pt\/index.php\/wp-json\/wp\/v2\/types\/post"}],"author":[{"embeddable":true,"href":"https:\/\/intersafe.pt\/index.php\/wp-json\/wp\/v2\/users\/1"}],"replies":[{"embeddable":true,"href":"https:\/\/intersafe.pt\/index.php\/wp-json\/wp\/v2\/comments?post=2311"}],"version-history":[{"count":26,"href":"https:\/\/intersafe.pt\/index.php\/wp-json\/wp\/v2\/posts\/2311\/revisions"}],"predecessor-version":[{"id":2603,"href":"https:\/\/intersafe.pt\/index.php\/wp-json\/wp\/v2\/posts\/2311\/revisions\/2603"}],"wp:attachment":[{"href":"https:\/\/intersafe.pt\/index.php\/wp-json\/wp\/v2\/media?parent=2311"}],"wp:term":[{"taxonomy":"category","embeddable":true,"href":"https:\/\/intersafe.pt\/index.php\/wp-json\/wp\/v2\/categories?post=2311"},{"taxonomy":"post_tag","embeddable":true,"href":"https:\/\/intersafe.pt\/index.php\/wp-json\/wp\/v2\/tags?post=2311"}],"curies":[{"name":"wp","href":"https:\/\/api.w.org\/{rel}","templated":true}]}}