{"id":2377,"date":"2023-10-04T10:30:58","date_gmt":"2023-10-04T10:30:58","guid":{"rendered":"https:\/\/intersafe.es\/?p=2377"},"modified":"2023-10-04T10:40:11","modified_gmt":"2023-10-04T10:40:11","slug":"la-importancia-del-uso-de-las-gafas-de-seguridad-en-el-trabajo","status":"publish","type":"post","link":"https:\/\/intersafe.pt\/index.php\/2023\/10\/04\/la-importancia-del-uso-de-las-gafas-de-seguridad-en-el-trabajo\/","title":{"rendered":"La importancia del uso de las gafas de seguridad en el trabajo\u00a0"},"content":{"rendered":"\t\t<div data-elementor-type=\"wp-post\" data-elementor-id=\"2377\" class=\"elementor elementor-2377\">\n\t\t\t\t\t\t\t\t\t<section class=\"elementor-section elementor-top-section elementor-element elementor-element-68e7161 elementor-section-boxed elementor-section-height-default elementor-section-height-default\" data-id=\"68e7161\" data-element_type=\"section\">\n\t\t\t\t\t\t<div class=\"elementor-container elementor-column-gap-default\">\n\t\t\t\t\t<div class=\"elementor-column elementor-col-100 elementor-top-column elementor-element elementor-element-e9cb11a\" data-id=\"e9cb11a\" data-element_type=\"column\">\n\t\t\t<div class=\"elementor-widget-wrap elementor-element-populated\">\n\t\t\t\t\t\t\t\t<div class=\"elementor-element elementor-element-00bf530 elementor-widget elementor-widget-heading\" data-id=\"00bf530\" data-element_type=\"widget\" data-widget_type=\"heading.default\">\n\t\t\t\t<div class=\"elementor-widget-container\">\n\t\t\t<style>\/*! elementor - v3.16.0 - 12-09-2023 *\/\n.elementor-heading-title{padding:0;margin:0;line-height:1}.elementor-widget-heading .elementor-heading-title[class*=elementor-size-]>a{color:inherit;font-size:inherit;line-height:inherit}.elementor-widget-heading .elementor-heading-title.elementor-size-small{font-size:15px}.elementor-widget-heading .elementor-heading-title.elementor-size-medium{font-size:19px}.elementor-widget-heading .elementor-heading-title.elementor-size-large{font-size:29px}.elementor-widget-heading .elementor-heading-title.elementor-size-xl{font-size:39px}.elementor-widget-heading .elementor-heading-title.elementor-size-xxl{font-size:59px}<\/style><span id=\"scroll69f3990873ef1\"  class=\"scrollMagicControl\" type=\"hidden\" effect = {} wpmp_enable_desktop=\"yes\" wpmp_enable_tablet=\"yes\" wpmp_enable_mobile=\"yes\" wpmp_trigger_hook=\"0.5\" wpmp_reverse=\"yes\" wpmp_class_CSS =\"custom\" split-text = {} value=\"scrollmagic\"><\/span><h2 class=\"elementor-heading-title elementor-size-default\"><h2><span style=\"color: #2d2e87;\">LA IMPORTANCIA DEL USO DE LAS GAFAS DE SEGURIDAD EN EL TRABAJO \n<\/span><\/h2><\/h2>\t\t<\/div>\n\t\t\t\t<\/div>\n\t\t\t\t\t<\/div>\n\t\t<\/div>\n\t\t\t\t\t\t\t<\/div>\n\t\t<\/section>\n\t\t\t\t<section class=\"elementor-section elementor-top-section elementor-element elementor-element-eaf1f44 elementor-section-boxed elementor-section-height-default elementor-section-height-default\" data-id=\"eaf1f44\" data-element_type=\"section\">\n\t\t\t\t\t\t<div class=\"elementor-container elementor-column-gap-default\">\n\t\t\t\t\t<div class=\"elementor-column elementor-col-100 elementor-top-column elementor-element elementor-element-607e25c\" data-id=\"607e25c\" data-element_type=\"column\">\n\t\t\t<div class=\"elementor-widget-wrap elementor-element-populated\">\n\t\t\t\t\t\t\t\t<div class=\"elementor-element elementor-element-463ce59 elementor-widget elementor-widget-image\" data-id=\"463ce59\" data-element_type=\"widget\" data-widget_type=\"image.default\">\n\t\t\t\t<div class=\"elementor-widget-container\">\n\t\t\t<style>\/*! elementor - v3.16.0 - 12-09-2023 *\/\n.elementor-widget-image{text-align:center}.elementor-widget-image a{display:inline-block}.elementor-widget-image a img[src$=\".svg\"]{width:48px}.elementor-widget-image img{vertical-align:middle;display:inline-block}<\/style><span id=\"scroll69f399087699d\"  class=\"scrollMagicControl\" type=\"hidden\" effect = {} wpmp_enable_desktop=\"yes\" wpmp_enable_tablet=\"yes\" wpmp_enable_mobile=\"yes\" wpmp_trigger_hook=\"0.5\" wpmp_reverse=\"yes\" wpmp_class_CSS =\"custom\" split-text = {} value=\"scrollmagic\"><\/span>\t\t\t\t\t\t\t\t\t\t\t\t<img decoding=\"async\" src=\"https:\/\/intersafe.pt\/wp-content\/uploads\/2023\/10\/41467530-7c01-41f7-b049-efeba295dbfb.jpg\" title=\"Experienced Engineer Teaching Apprentice\" alt=\"Experienced Engineer Teaching Apprentice\" loading=\"lazy\" \/>\t\t\t\t\t\t\t\t\t\t\t\t\t\t\t<\/div>\n\t\t\t\t<\/div>\n\t\t\t\t<div class=\"elementor-element elementor-element-3a9b3a3 elementor-widget elementor-widget-text-editor\" data-id=\"3a9b3a3\" data-element_type=\"widget\" data-widget_type=\"text-editor.default\">\n\t\t\t\t<div class=\"elementor-widget-container\">\n\t\t\t<style>\/*! elementor - v3.16.0 - 12-09-2023 *\/\n.elementor-widget-text-editor.elementor-drop-cap-view-stacked .elementor-drop-cap{background-color:#69727d;color:#fff}.elementor-widget-text-editor.elementor-drop-cap-view-framed .elementor-drop-cap{color:#69727d;border:3px solid;background-color:transparent}.elementor-widget-text-editor:not(.elementor-drop-cap-view-default) .elementor-drop-cap{margin-top:8px}.elementor-widget-text-editor:not(.elementor-drop-cap-view-default) .elementor-drop-cap-letter{width:1em;height:1em}.elementor-widget-text-editor .elementor-drop-cap{float:left;text-align:center;line-height:1;font-size:50px}.elementor-widget-text-editor .elementor-drop-cap-letter{display:inline-block}<\/style><span id=\"scroll69f39908770e0\"  class=\"scrollMagicControl\" type=\"hidden\" effect = {} wpmp_enable_desktop=\"yes\" wpmp_enable_tablet=\"yes\" wpmp_enable_mobile=\"yes\" wpmp_trigger_hook=\"0.5\" wpmp_reverse=\"yes\" wpmp_class_CSS =\"custom\" split-text = {} value=\"scrollmagic\"><\/span>\t\t\t\t<p>En el \u00e1mbito laboral, la seguridad y la protecci\u00f3n de los trabajadores son aspectos fundamentales. Las <strong>gafas de seguridad desempe\u00f1an un papel crucial<\/strong> en la prevenci\u00f3n de lesiones oculares y en la minimizaci\u00f3n de riesgos en diversas industrias. Por eso la gran pregunta es, \u00bfcu\u00e1ndo es obligatorio el uso de gafas de seguridad en el trabajo?<\/p><p>Su uso es obligatorio en aquellos entornos donde exista la posibilidad de <strong>da\u00f1os oculares debido a part\u00edculas, salpicaduras qu\u00edmicas, radiaciones, entre otros riesgos<\/strong>. Las gafas de seguridad son utilizadas por una amplia gama de profesionales, como trabajadores de la construcci\u00f3n, laboratorios, industrias qu\u00edmicas, talleres mec\u00e1nicos, entre otros.<\/p><p>Se emplean en <strong>situaciones en las que se manipulan sustancias peligrosas<\/strong>, se generan part\u00edculas o se est\u00e1 expuesto a radiaciones que podr\u00edan da\u00f1ar los ojos. Estas gafas protegen los ojos de impactos, salpicaduras, qu\u00edmicos corrosivos, polvo, radiaciones ultravioleta e infrarroja, entre otros peligros potenciales. La importancia de utilizar gafas de seguridad radica en la prevenci\u00f3n de lesiones oculares, ya que el uso adecuado de este equipo de protecci\u00f3n personal puede<strong> evitar accidentes<\/strong> y garantizar la integridad visual de los trabajadores.<\/p><h2><span style=\"color: #2d2e87;\">La normativa UNE-EN 166:2002<\/span><\/h2><p>La n<strong>ormativa UNE-EN 166:2002 establece los requisitos m\u00ednimos de seguridad y calidad<\/strong> para las gafas de protecci\u00f3n individual. Esta norma regula los siguientes aspectos:<\/p><ol><li><strong>Resistencia al impacto<\/strong>: deben ser capaces de resistir el impacto de part\u00edculas de alta velocidad y energ\u00eda, y proteger los ojos de golpes directos y dispersar la energ\u00eda.<\/li><li><strong>Resistencia a la radiaci\u00f3n \u00f3ptica<\/strong>: regula la protecci\u00f3n contra las radiaciones \u00f3pticas, como la radiaci\u00f3n ultravioleta (UV) e infrarroja (IR).<\/li><li><strong>Protecci\u00f3n contra salpicaduras y l\u00edquidos<\/strong>: regula el tipo de resistencia que deben tener ante sustancias qu\u00edmicas, l\u00edquidos corrosivos u otros materiales peligrosos. Aqu\u00ed se incluyen aspectos o eventualidades como la penetraci\u00f3n de l\u00edquidos o el tipo de ajuste que deben tener para que los productos qu\u00edmicos no entren en contacto con los ojos.<\/li><li><strong>Protecci\u00f3n contra part\u00edculas y polvo<\/strong>: son los aspectos que protegen los ojos contra la entrada de part\u00edculas, polvo y virutas.<\/li><li><strong>Resistencia a la corrosi\u00f3n y al fuego<\/strong>: en el caso de sustancias qu\u00edmicas agresivas, las gafas deben ser resistentes ante materiales corrosivos y llamas.<\/li><li><strong>Claridad \u00f3ptica<\/strong>: deben proporcionar una visi\u00f3n clara y sin distorsiones para permitir un buen rendimiento visual.<\/li><li><strong>Marcado y etiquetado<\/strong>: deben llevar un marcado claro y legible que indique el cumplimiento de los est\u00e1ndares, incluir informaci\u00f3n sobre el fabricante, n\u00famero de identificaci\u00f3n, clase de protecci\u00f3n y cualquier otro dato relevante para su correcta identificaci\u00f3n.<\/li><\/ol><p>Es fundamental cumplir con esta normativa, ya que garantiza que las gafas de seguridad ofrecen un nivel adecuado de protecci\u00f3n. Adem\u00e1s, asegura que han sido sometidas a pruebas y cumplen con los est\u00e1ndares de calidad exigidos para brindar la m\u00e1xima seguridad a los usuarios. <\/p><h2><span style=\"color: #2d2e87;\">\u00bfEs obligatorio usar gafas de seguridad en el trabajo? <\/span><\/h2><p><span style=\"color: #2d2e87;\">S\u00ed, el uso de gafas de seguridad es obligatorio en aquellos entornos laborales donde existan riesgos para los ojos. Las empresas est\u00e1n legalmente obligadas a proporcionar equipos de protecci\u00f3n personal adecuados a sus trabajadores y a garantizar que se utilicen correctamente. Los empleados tambi\u00e9n tienen la responsabilidad de cumplir con las normas de seguridad y utilizar las gafas de seguridad cuando sea necesario. El incumplimiento de esta obligaci\u00f3n puede resultar en accidentes o lesiones graves que podr\u00edan haberse evitado con el uso adecuado de las gafas de seguridad. <br \/><\/span><\/p><h2><span style=\"color: #2d2e87;\">Caracter\u00edsticas de las gafas de seguridad <\/span><\/h2><p>Las gafas de seguridad presentan diversas caracter\u00edsticas que las hacen efectivas en la protecci\u00f3n ocular. Algunas de estas caracter\u00edsticas incluyen:<\/p><ul><li><strong>Materiales resistentes<\/strong>: est\u00e1n fabricadas con materiales resistentes a impactos, como policarbonato, que es m\u00e1s fuerte y duradero que el vidrio ordinario.<\/li><li><strong>Dise\u00f1o envolvente<\/strong>: muchas gafas de seguridad tienen un dise\u00f1o envolvente que cubre los ojos por completo, brindando una protecci\u00f3n lateral adicional.<\/li><li><strong>Lentes tintados o transparentes<\/strong>: pueden tener lentes tintados para proteger de la radiaci\u00f3n ultravioleta, o bien, lentes transparentes que permiten una visi\u00f3n clara y sin distorsiones.<\/li><li><strong>Ajuste y comodidad<\/strong>: es importante que las gafas se ajusten correctamente al rostro y sean c\u00f3modas de usar durante largos per\u00edodos de tiempo. Algunos modelos tienen ajustes de tama\u00f1o y almohadillas nasales para mayor comodidad.<\/li><\/ul><h2><span style=\"color: #2d2e87;\">Gafas de seguridad graduadas <\/span><\/h2><p>En algunos casos, los trabajadores que utilizan gafas graduadas pueden requerir lentes recetados en sus gafas de seguridad. Para ello, existen opciones de gafas de seguridad graduadas que permiten colocar los lentes correctivos dentro de la estructura de protecci\u00f3n. Estas gafas ofrecen la misma protecci\u00f3n que las est\u00e1ndar, pero adaptadas a las necesidades visuales del usuario.<\/p>\t\t\t\t\t\t<\/div>\n\t\t\t\t<\/div>\n\t\t\t\t\t<\/div>\n\t\t<\/div>\n\t\t\t\t\t\t\t<\/div>\n\t\t<\/section>\n\t\t\t\t<section class=\"elementor-section elementor-top-section elementor-element elementor-element-9e6a3a3 elementor-section-boxed elementor-section-height-default elementor-section-height-default\" data-id=\"9e6a3a3\" data-element_type=\"section\">\n\t\t\t\t\t\t<div class=\"elementor-container elementor-column-gap-default\">\n\t\t\t\t\t<div class=\"elementor-column elementor-col-100 elementor-top-column elementor-element elementor-element-ea66e1c elementor-invisible\" data-id=\"ea66e1c\" data-element_type=\"column\" data-settings=\"{&quot;background_background&quot;:&quot;classic&quot;,&quot;animation&quot;:&quot;fadeIn&quot;}\">\n\t\t\t<div class=\"elementor-widget-wrap elementor-element-populated\">\n\t\t\t\t\t\t\t\t<div class=\"elementor-element elementor-element-f2f67b0 elementor-position-top elementor-widget elementor-widget-image-box\" data-id=\"f2f67b0\" data-element_type=\"widget\" data-settings=\"{&quot;_animation&quot;:&quot;none&quot;}\" data-widget_type=\"image-box.default\">\n\t\t\t\t<div class=\"elementor-widget-container\">\n\t\t\t<style>\/*! elementor - v3.16.0 - 12-09-2023 *\/\n.elementor-widget-image-box .elementor-image-box-content{width:100%}@media (min-width:768px){.elementor-widget-image-box.elementor-position-left .elementor-image-box-wrapper,.elementor-widget-image-box.elementor-position-right .elementor-image-box-wrapper{display:flex}.elementor-widget-image-box.elementor-position-right .elementor-image-box-wrapper{text-align:right;flex-direction:row-reverse}.elementor-widget-image-box.elementor-position-left .elementor-image-box-wrapper{text-align:left;flex-direction:row}.elementor-widget-image-box.elementor-position-top .elementor-image-box-img{margin:auto}.elementor-widget-image-box.elementor-vertical-align-top .elementor-image-box-wrapper{align-items:flex-start}.elementor-widget-image-box.elementor-vertical-align-middle .elementor-image-box-wrapper{align-items:center}.elementor-widget-image-box.elementor-vertical-align-bottom .elementor-image-box-wrapper{align-items:flex-end}}@media (max-width:767px){.elementor-widget-image-box .elementor-image-box-img{margin-left:auto!important;margin-right:auto!important;margin-bottom:15px}}.elementor-widget-image-box .elementor-image-box-img{display:inline-block}.elementor-widget-image-box .elementor-image-box-title a{color:inherit}.elementor-widget-image-box .elementor-image-box-wrapper{text-align:center}.elementor-widget-image-box .elementor-image-box-description{margin:0}<\/style><span id=\"scroll69f39908780c1\"  class=\"scrollMagicControl\" type=\"hidden\" effect = {} wpmp_enable_desktop=\"yes\" wpmp_enable_tablet=\"yes\" wpmp_enable_mobile=\"yes\" wpmp_trigger_hook=\"0.5\" wpmp_reverse=\"yes\" wpmp_class_CSS =\"custom\" split-text = {} value=\"scrollmagic\"><\/span><div class=\"elementor-image-box-wrapper\"><figure class=\"elementor-image-box-img\"><a href=\"https:\/\/www.lyreco.com\/webshop\/SPSP\/searchShopCategory\/1011\" tabindex=\"-1\"><img loading=\"lazy\" decoding=\"async\" width=\"300\" height=\"210\" src=\"https:\/\/intersafe.pt\/wp-content\/uploads\/2023\/02\/Products_group_Eye-1-300x210.png\" class=\"elementor-animation-grow attachment-medium size-medium wp-image-1767\" alt=\"\" srcset=\"https:\/\/intersafe.pt\/wp-content\/uploads\/2023\/02\/Products_group_Eye-1-300x210.png 300w, https:\/\/intersafe.pt\/wp-content\/uploads\/2023\/02\/Products_group_Eye-1.png 591w\" sizes=\"auto, (max-width: 300px) 100vw, 300px\" \/><\/a><\/figure><div class=\"elementor-image-box-content\"><h3 class=\"elementor-image-box-title\"><a href=\"https:\/\/www.lyreco.com\/webshop\/SPSP\/searchShopCategory\/1011\">Protecci\u00f3n ocular<\/a><\/h3><\/div><\/div>\t\t<\/div>\n\t\t\t\t<\/div>\n\t\t\t\t<div class=\"elementor-element elementor-element-8be55b2 elementor-align-center elementor-invisible elementor-widget elementor-widget-button\" data-id=\"8be55b2\" data-element_type=\"widget\" data-settings=\"{&quot;_animation&quot;:&quot;fadeIn&quot;}\" data-widget_type=\"button.default\">\n\t\t\t\t<div class=\"elementor-widget-container\">\n\t\t\t<span id=\"scroll69f399087899a\"  class=\"scrollMagicControl\" type=\"hidden\" effect = {} wpmp_enable_desktop=\"yes\" wpmp_enable_tablet=\"yes\" wpmp_enable_mobile=\"yes\" wpmp_trigger_hook=\"0.5\" wpmp_reverse=\"yes\" wpmp_class_CSS =\"custom\" split-text = {} value=\"scrollmagic\"><\/span>\t\t<div class=\"elementor-button-wrapper\">\n\t\t\t<a class=\"elementor-button elementor-button-link elementor-size-xs\" href=\"https:\/\/www.lyreco.com\/webshop\/SPSP\/seguridad-laboral\/proteccion-ocular-category-007001.html\" target=\"_blank\">\n\t\t\t\t\t\t<span class=\"elementor-button-content-wrapper\">\n\t\t\t\t\t\t<span class=\"elementor-button-text\">ver productos<\/span>\n\t\t<\/span>\n\t\t\t\t\t<\/a>\n\t\t<\/div>\n\t\t\t\t<\/div>\n\t\t\t\t<\/div>\n\t\t\t\t\t<\/div>\n\t\t<\/div>\n\t\t\t\t\t\t\t<\/div>\n\t\t<\/section>\n\t\t\t\t\t\t\t<\/div>\n\t\t","protected":false},"excerpt":{"rendered":"<p>LA IMPORTANCIA DEL USO DE LAS GAFAS DE SEGURIDAD EN EL TRABAJO En el \u00e1mbito laboral, la seguridad y la protecci\u00f3n de los trabajadores son aspectos fundamentales. Las gafas de seguridad desempe\u00f1an un papel crucial en la prevenci\u00f3n de lesiones oculares y en la minimizaci\u00f3n de riesgos en diversas industrias. Por eso la gran pregunta &hellip;<\/p>\n<p class=\"read-more\"> <a class=\"\" href=\"https:\/\/intersafe.pt\/index.php\/2023\/10\/04\/la-importancia-del-uso-de-las-gafas-de-seguridad-en-el-trabajo\/\"> <span class=\"screen-reader-text\">La importancia del uso de las gafas de seguridad en el trabajo\u00a0<\/span> Leer m\u00e1s \u00bb<\/a><\/p>\n","protected":false},"author":1,"featured_media":0,"comment_status":"open","ping_status":"open","sticky":false,"template":"","format":"standard","meta":{"site-sidebar-layout":"default","site-content-layout":"default","ast-global-header-display":"","ast-banner-title-visibility":"","ast-main-header-display":"","ast-hfb-above-header-display":"","ast-hfb-below-header-display":"","ast-hfb-mobile-header-display":"","site-post-title":"disabled","ast-breadcrumbs-content":"","ast-featured-img":"","footer-sml-layout":"","theme-transparent-header-meta":"","adv-header-id-meta":"","stick-header-meta":"","header-above-stick-meta":"","header-main-stick-meta":"","header-below-stick-meta":"","footnotes":""},"categories":[1],"tags":[],"class_list":["post-2377","post","type-post","status-publish","format-standard","hentry","category-uncategorized"],"yoast_head":"<!-- This site is optimized with the Yoast SEO plugin v27.5 - https:\/\/yoast.com\/product\/yoast-seo-wordpress\/ -->\n<title>La importancia del uso de las gafas de seguridad en el trabajo\u00a0 - Intersafe Portugal<\/title>\n<meta name=\"description\" content=\"Las gafas de seguridad son un elemento fundamental de protecci\u00f3n ante riesgos en entornos laborales, materiales peligrosos o corrosivos.\" \/>\n<meta name=\"robots\" content=\"index, follow, max-snippet:-1, max-image-preview:large, max-video-preview:-1\" \/>\n<link rel=\"canonical\" href=\"https:\/\/intersafe.pt\/index.php\/2023\/10\/04\/la-importancia-del-uso-de-las-gafas-de-seguridad-en-el-trabajo\/\" \/>\n<meta property=\"og:locale\" content=\"es_ES\" \/>\n<meta property=\"og:type\" content=\"article\" \/>\n<meta property=\"og:title\" content=\"La importancia del uso de las gafas de seguridad en el trabajo\u00a0 - Intersafe Portugal\" \/>\n<meta property=\"og:description\" content=\"Las gafas de seguridad son un elemento fundamental de protecci\u00f3n ante riesgos en entornos laborales, materiales peligrosos o corrosivos.\" \/>\n<meta property=\"og:url\" content=\"https:\/\/intersafe.pt\/index.php\/2023\/10\/04\/la-importancia-del-uso-de-las-gafas-de-seguridad-en-el-trabajo\/\" \/>\n<meta property=\"og:site_name\" content=\"Intersafe Portugal\" \/>\n<meta property=\"article:published_time\" content=\"2023-10-04T10:30:58+00:00\" \/>\n<meta property=\"article:modified_time\" content=\"2023-10-04T10:40:11+00:00\" \/>\n<meta property=\"og:image\" content=\"https:\/\/intersafe.pt\/wp-content\/uploads\/2023\/10\/41467530-7c01-41f7-b049-efeba295dbfb.jpg\" \/>\n<meta name=\"author\" content=\"admin\" \/>\n<meta name=\"twitter:card\" content=\"summary_large_image\" \/>\n<meta name=\"twitter:label1\" content=\"Escrito por\" \/>\n\t<meta name=\"twitter:data1\" content=\"admin\" \/>\n\t<meta name=\"twitter:label2\" content=\"Tiempo de lectura\" \/>\n\t<meta name=\"twitter:data2\" content=\"4 minutos\" \/>\n<script type=\"application\/ld+json\" class=\"yoast-schema-graph\">{\"@context\":\"https:\\\/\\\/schema.org\",\"@graph\":[{\"@type\":\"Article\",\"@id\":\"https:\\\/\\\/intersafe.pt\\\/index.php\\\/2023\\\/10\\\/04\\\/la-importancia-del-uso-de-las-gafas-de-seguridad-en-el-trabajo\\\/#article\",\"isPartOf\":{\"@id\":\"https:\\\/\\\/intersafe.pt\\\/index.php\\\/2023\\\/10\\\/04\\\/la-importancia-del-uso-de-las-gafas-de-seguridad-en-el-trabajo\\\/\"},\"author\":{\"name\":\"admin\",\"@id\":\"https:\\\/\\\/intersafe.pt\\\/#\\\/schema\\\/person\\\/f1d43ff9401eeb1fb76690b63f91d128\"},\"headline\":\"La importancia del uso de las gafas de seguridad en el trabajo\u00a0\",\"datePublished\":\"2023-10-04T10:30:58+00:00\",\"dateModified\":\"2023-10-04T10:40:11+00:00\",\"mainEntityOfPage\":{\"@id\":\"https:\\\/\\\/intersafe.pt\\\/index.php\\\/2023\\\/10\\\/04\\\/la-importancia-del-uso-de-las-gafas-de-seguridad-en-el-trabajo\\\/\"},\"wordCount\":836,\"commentCount\":0,\"publisher\":{\"@id\":\"https:\\\/\\\/intersafe.pt\\\/#organization\"},\"image\":{\"@id\":\"https:\\\/\\\/intersafe.pt\\\/index.php\\\/2023\\\/10\\\/04\\\/la-importancia-del-uso-de-las-gafas-de-seguridad-en-el-trabajo\\\/#primaryimage\"},\"thumbnailUrl\":\"https:\\\/\\\/intersafe.pt\\\/wp-content\\\/uploads\\\/2023\\\/10\\\/41467530-7c01-41f7-b049-efeba295dbfb.jpg\",\"articleSection\":[\"Uncategorized\"],\"inLanguage\":\"es\",\"potentialAction\":[{\"@type\":\"CommentAction\",\"name\":\"Comment\",\"target\":[\"https:\\\/\\\/intersafe.pt\\\/index.php\\\/2023\\\/10\\\/04\\\/la-importancia-del-uso-de-las-gafas-de-seguridad-en-el-trabajo\\\/#respond\"]}]},{\"@type\":\"WebPage\",\"@id\":\"https:\\\/\\\/intersafe.pt\\\/index.php\\\/2023\\\/10\\\/04\\\/la-importancia-del-uso-de-las-gafas-de-seguridad-en-el-trabajo\\\/\",\"url\":\"https:\\\/\\\/intersafe.pt\\\/index.php\\\/2023\\\/10\\\/04\\\/la-importancia-del-uso-de-las-gafas-de-seguridad-en-el-trabajo\\\/\",\"name\":\"La importancia del uso de las gafas de seguridad en el trabajo\u00a0 - Intersafe Portugal\",\"isPartOf\":{\"@id\":\"https:\\\/\\\/intersafe.pt\\\/#website\"},\"primaryImageOfPage\":{\"@id\":\"https:\\\/\\\/intersafe.pt\\\/index.php\\\/2023\\\/10\\\/04\\\/la-importancia-del-uso-de-las-gafas-de-seguridad-en-el-trabajo\\\/#primaryimage\"},\"image\":{\"@id\":\"https:\\\/\\\/intersafe.pt\\\/index.php\\\/2023\\\/10\\\/04\\\/la-importancia-del-uso-de-las-gafas-de-seguridad-en-el-trabajo\\\/#primaryimage\"},\"thumbnailUrl\":\"https:\\\/\\\/intersafe.pt\\\/wp-content\\\/uploads\\\/2023\\\/10\\\/41467530-7c01-41f7-b049-efeba295dbfb.jpg\",\"datePublished\":\"2023-10-04T10:30:58+00:00\",\"dateModified\":\"2023-10-04T10:40:11+00:00\",\"description\":\"Las gafas de seguridad son un elemento fundamental de protecci\u00f3n ante riesgos en entornos laborales, materiales peligrosos o corrosivos.\",\"breadcrumb\":{\"@id\":\"https:\\\/\\\/intersafe.pt\\\/index.php\\\/2023\\\/10\\\/04\\\/la-importancia-del-uso-de-las-gafas-de-seguridad-en-el-trabajo\\\/#breadcrumb\"},\"inLanguage\":\"es\",\"potentialAction\":[{\"@type\":\"ReadAction\",\"target\":[\"https:\\\/\\\/intersafe.pt\\\/index.php\\\/2023\\\/10\\\/04\\\/la-importancia-del-uso-de-las-gafas-de-seguridad-en-el-trabajo\\\/\"]}]},{\"@type\":\"ImageObject\",\"inLanguage\":\"es\",\"@id\":\"https:\\\/\\\/intersafe.pt\\\/index.php\\\/2023\\\/10\\\/04\\\/la-importancia-del-uso-de-las-gafas-de-seguridad-en-el-trabajo\\\/#primaryimage\",\"url\":\"https:\\\/\\\/intersafe.pt\\\/wp-content\\\/uploads\\\/2023\\\/10\\\/41467530-7c01-41f7-b049-efeba295dbfb.jpg\",\"contentUrl\":\"https:\\\/\\\/intersafe.pt\\\/wp-content\\\/uploads\\\/2023\\\/10\\\/41467530-7c01-41f7-b049-efeba295dbfb.jpg\",\"width\":1225,\"height\":919},{\"@type\":\"BreadcrumbList\",\"@id\":\"https:\\\/\\\/intersafe.pt\\\/index.php\\\/2023\\\/10\\\/04\\\/la-importancia-del-uso-de-las-gafas-de-seguridad-en-el-trabajo\\\/#breadcrumb\",\"itemListElement\":[{\"@type\":\"ListItem\",\"position\":1,\"name\":\"Portada\",\"item\":\"https:\\\/\\\/intersafe.pt\\\/\"},{\"@type\":\"ListItem\",\"position\":2,\"name\":\"La importancia del uso de las gafas de seguridad en el trabajo\u00a0\"}]},{\"@type\":\"WebSite\",\"@id\":\"https:\\\/\\\/intersafe.pt\\\/#website\",\"url\":\"https:\\\/\\\/intersafe.pt\\\/\",\"name\":\"Intersafe Portugal\",\"description\":\"Soluciones integrales en materia de seguridad laboral\",\"publisher\":{\"@id\":\"https:\\\/\\\/intersafe.pt\\\/#organization\"},\"potentialAction\":[{\"@type\":\"SearchAction\",\"target\":{\"@type\":\"EntryPoint\",\"urlTemplate\":\"https:\\\/\\\/intersafe.pt\\\/?s={search_term_string}\"},\"query-input\":{\"@type\":\"PropertyValueSpecification\",\"valueRequired\":true,\"valueName\":\"search_term_string\"}}],\"inLanguage\":\"es\"},{\"@type\":\"Organization\",\"@id\":\"https:\\\/\\\/intersafe.pt\\\/#organization\",\"name\":\"Intersafe Portugal\",\"url\":\"https:\\\/\\\/intersafe.pt\\\/\",\"logo\":{\"@type\":\"ImageObject\",\"inLanguage\":\"es\",\"@id\":\"https:\\\/\\\/intersafe.pt\\\/#\\\/schema\\\/logo\\\/image\\\/\",\"url\":\"https:\\\/\\\/intersafe.pt\\\/wp-content\\\/uploads\\\/2024\\\/12\\\/cropped-Lyreco_Intersafe_Logotype_RGB_negative.png\",\"contentUrl\":\"https:\\\/\\\/intersafe.pt\\\/wp-content\\\/uploads\\\/2024\\\/12\\\/cropped-Lyreco_Intersafe_Logotype_RGB_negative.png\",\"width\":1607,\"height\":623,\"caption\":\"Intersafe Portugal\"},\"image\":{\"@id\":\"https:\\\/\\\/intersafe.pt\\\/#\\\/schema\\\/logo\\\/image\\\/\"}},{\"@type\":\"Person\",\"@id\":\"https:\\\/\\\/intersafe.pt\\\/#\\\/schema\\\/person\\\/f1d43ff9401eeb1fb76690b63f91d128\",\"name\":\"admin\",\"image\":{\"@type\":\"ImageObject\",\"inLanguage\":\"es\",\"@id\":\"https:\\\/\\\/secure.gravatar.com\\\/avatar\\\/0a70928f7c8555b0c3d9fffa3ad3476f0c53fd84ed0c3555b6149a2fae34470b?s=96&d=mm&r=g\",\"url\":\"https:\\\/\\\/secure.gravatar.com\\\/avatar\\\/0a70928f7c8555b0c3d9fffa3ad3476f0c53fd84ed0c3555b6149a2fae34470b?s=96&d=mm&r=g\",\"contentUrl\":\"https:\\\/\\\/secure.gravatar.com\\\/avatar\\\/0a70928f7c8555b0c3d9fffa3ad3476f0c53fd84ed0c3555b6149a2fae34470b?s=96&d=mm&r=g\",\"caption\":\"admin\"},\"sameAs\":[\"https:\\\/\\\/intersafe.pt\"],\"url\":\"https:\\\/\\\/intersafe.pt\\\/index.php\\\/author\\\/intersafe-cex-23\\\/\"}]}<\/script>\n<!-- \/ Yoast SEO plugin. -->","yoast_head_json":{"title":"La importancia del uso de las gafas de seguridad en el trabajo\u00a0 - Intersafe Portugal","description":"Las gafas de seguridad son un elemento fundamental de protecci\u00f3n ante riesgos en entornos laborales, materiales peligrosos o corrosivos.","robots":{"index":"index","follow":"follow","max-snippet":"max-snippet:-1","max-image-preview":"max-image-preview:large","max-video-preview":"max-video-preview:-1"},"canonical":"https:\/\/intersafe.pt\/index.php\/2023\/10\/04\/la-importancia-del-uso-de-las-gafas-de-seguridad-en-el-trabajo\/","og_locale":"es_ES","og_type":"article","og_title":"La importancia del uso de las gafas de seguridad en el trabajo\u00a0 - Intersafe Portugal","og_description":"Las gafas de seguridad son un elemento fundamental de protecci\u00f3n ante riesgos en entornos laborales, materiales peligrosos o corrosivos.","og_url":"https:\/\/intersafe.pt\/index.php\/2023\/10\/04\/la-importancia-del-uso-de-las-gafas-de-seguridad-en-el-trabajo\/","og_site_name":"Intersafe Portugal","article_published_time":"2023-10-04T10:30:58+00:00","article_modified_time":"2023-10-04T10:40:11+00:00","og_image":[{"url":"https:\/\/intersafe.pt\/wp-content\/uploads\/2023\/10\/41467530-7c01-41f7-b049-efeba295dbfb.jpg","type":"","width":"","height":""}],"author":"admin","twitter_card":"summary_large_image","twitter_misc":{"Escrito por":"admin","Tiempo de lectura":"4 minutos"},"schema":{"@context":"https:\/\/schema.org","@graph":[{"@type":"Article","@id":"https:\/\/intersafe.pt\/index.php\/2023\/10\/04\/la-importancia-del-uso-de-las-gafas-de-seguridad-en-el-trabajo\/#article","isPartOf":{"@id":"https:\/\/intersafe.pt\/index.php\/2023\/10\/04\/la-importancia-del-uso-de-las-gafas-de-seguridad-en-el-trabajo\/"},"author":{"name":"admin","@id":"https:\/\/intersafe.pt\/#\/schema\/person\/f1d43ff9401eeb1fb76690b63f91d128"},"headline":"La importancia del uso de las gafas de seguridad en el trabajo\u00a0","datePublished":"2023-10-04T10:30:58+00:00","dateModified":"2023-10-04T10:40:11+00:00","mainEntityOfPage":{"@id":"https:\/\/intersafe.pt\/index.php\/2023\/10\/04\/la-importancia-del-uso-de-las-gafas-de-seguridad-en-el-trabajo\/"},"wordCount":836,"commentCount":0,"publisher":{"@id":"https:\/\/intersafe.pt\/#organization"},"image":{"@id":"https:\/\/intersafe.pt\/index.php\/2023\/10\/04\/la-importancia-del-uso-de-las-gafas-de-seguridad-en-el-trabajo\/#primaryimage"},"thumbnailUrl":"https:\/\/intersafe.pt\/wp-content\/uploads\/2023\/10\/41467530-7c01-41f7-b049-efeba295dbfb.jpg","articleSection":["Uncategorized"],"inLanguage":"es","potentialAction":[{"@type":"CommentAction","name":"Comment","target":["https:\/\/intersafe.pt\/index.php\/2023\/10\/04\/la-importancia-del-uso-de-las-gafas-de-seguridad-en-el-trabajo\/#respond"]}]},{"@type":"WebPage","@id":"https:\/\/intersafe.pt\/index.php\/2023\/10\/04\/la-importancia-del-uso-de-las-gafas-de-seguridad-en-el-trabajo\/","url":"https:\/\/intersafe.pt\/index.php\/2023\/10\/04\/la-importancia-del-uso-de-las-gafas-de-seguridad-en-el-trabajo\/","name":"La importancia del uso de las gafas de seguridad en el trabajo\u00a0 - Intersafe Portugal","isPartOf":{"@id":"https:\/\/intersafe.pt\/#website"},"primaryImageOfPage":{"@id":"https:\/\/intersafe.pt\/index.php\/2023\/10\/04\/la-importancia-del-uso-de-las-gafas-de-seguridad-en-el-trabajo\/#primaryimage"},"image":{"@id":"https:\/\/intersafe.pt\/index.php\/2023\/10\/04\/la-importancia-del-uso-de-las-gafas-de-seguridad-en-el-trabajo\/#primaryimage"},"thumbnailUrl":"https:\/\/intersafe.pt\/wp-content\/uploads\/2023\/10\/41467530-7c01-41f7-b049-efeba295dbfb.jpg","datePublished":"2023-10-04T10:30:58+00:00","dateModified":"2023-10-04T10:40:11+00:00","description":"Las gafas de seguridad son un elemento fundamental de protecci\u00f3n ante riesgos en entornos laborales, materiales peligrosos o corrosivos.","breadcrumb":{"@id":"https:\/\/intersafe.pt\/index.php\/2023\/10\/04\/la-importancia-del-uso-de-las-gafas-de-seguridad-en-el-trabajo\/#breadcrumb"},"inLanguage":"es","potentialAction":[{"@type":"ReadAction","target":["https:\/\/intersafe.pt\/index.php\/2023\/10\/04\/la-importancia-del-uso-de-las-gafas-de-seguridad-en-el-trabajo\/"]}]},{"@type":"ImageObject","inLanguage":"es","@id":"https:\/\/intersafe.pt\/index.php\/2023\/10\/04\/la-importancia-del-uso-de-las-gafas-de-seguridad-en-el-trabajo\/#primaryimage","url":"https:\/\/intersafe.pt\/wp-content\/uploads\/2023\/10\/41467530-7c01-41f7-b049-efeba295dbfb.jpg","contentUrl":"https:\/\/intersafe.pt\/wp-content\/uploads\/2023\/10\/41467530-7c01-41f7-b049-efeba295dbfb.jpg","width":1225,"height":919},{"@type":"BreadcrumbList","@id":"https:\/\/intersafe.pt\/index.php\/2023\/10\/04\/la-importancia-del-uso-de-las-gafas-de-seguridad-en-el-trabajo\/#breadcrumb","itemListElement":[{"@type":"ListItem","position":1,"name":"Portada","item":"https:\/\/intersafe.pt\/"},{"@type":"ListItem","position":2,"name":"La importancia del uso de las gafas de seguridad en el trabajo\u00a0"}]},{"@type":"WebSite","@id":"https:\/\/intersafe.pt\/#website","url":"https:\/\/intersafe.pt\/","name":"Intersafe Portugal","description":"Soluciones integrales en materia de seguridad laboral","publisher":{"@id":"https:\/\/intersafe.pt\/#organization"},"potentialAction":[{"@type":"SearchAction","target":{"@type":"EntryPoint","urlTemplate":"https:\/\/intersafe.pt\/?s={search_term_string}"},"query-input":{"@type":"PropertyValueSpecification","valueRequired":true,"valueName":"search_term_string"}}],"inLanguage":"es"},{"@type":"Organization","@id":"https:\/\/intersafe.pt\/#organization","name":"Intersafe Portugal","url":"https:\/\/intersafe.pt\/","logo":{"@type":"ImageObject","inLanguage":"es","@id":"https:\/\/intersafe.pt\/#\/schema\/logo\/image\/","url":"https:\/\/intersafe.pt\/wp-content\/uploads\/2024\/12\/cropped-Lyreco_Intersafe_Logotype_RGB_negative.png","contentUrl":"https:\/\/intersafe.pt\/wp-content\/uploads\/2024\/12\/cropped-Lyreco_Intersafe_Logotype_RGB_negative.png","width":1607,"height":623,"caption":"Intersafe Portugal"},"image":{"@id":"https:\/\/intersafe.pt\/#\/schema\/logo\/image\/"}},{"@type":"Person","@id":"https:\/\/intersafe.pt\/#\/schema\/person\/f1d43ff9401eeb1fb76690b63f91d128","name":"admin","image":{"@type":"ImageObject","inLanguage":"es","@id":"https:\/\/secure.gravatar.com\/avatar\/0a70928f7c8555b0c3d9fffa3ad3476f0c53fd84ed0c3555b6149a2fae34470b?s=96&d=mm&r=g","url":"https:\/\/secure.gravatar.com\/avatar\/0a70928f7c8555b0c3d9fffa3ad3476f0c53fd84ed0c3555b6149a2fae34470b?s=96&d=mm&r=g","contentUrl":"https:\/\/secure.gravatar.com\/avatar\/0a70928f7c8555b0c3d9fffa3ad3476f0c53fd84ed0c3555b6149a2fae34470b?s=96&d=mm&r=g","caption":"admin"},"sameAs":["https:\/\/intersafe.pt"],"url":"https:\/\/intersafe.pt\/index.php\/author\/intersafe-cex-23\/"}]}},"_links":{"self":[{"href":"https:\/\/intersafe.pt\/index.php\/wp-json\/wp\/v2\/posts\/2377","targetHints":{"allow":["GET"]}}],"collection":[{"href":"https:\/\/intersafe.pt\/index.php\/wp-json\/wp\/v2\/posts"}],"about":[{"href":"https:\/\/intersafe.pt\/index.php\/wp-json\/wp\/v2\/types\/post"}],"author":[{"embeddable":true,"href":"https:\/\/intersafe.pt\/index.php\/wp-json\/wp\/v2\/users\/1"}],"replies":[{"embeddable":true,"href":"https:\/\/intersafe.pt\/index.php\/wp-json\/wp\/v2\/comments?post=2377"}],"version-history":[{"count":6,"href":"https:\/\/intersafe.pt\/index.php\/wp-json\/wp\/v2\/posts\/2377\/revisions"}],"predecessor-version":[{"id":2384,"href":"https:\/\/intersafe.pt\/index.php\/wp-json\/wp\/v2\/posts\/2377\/revisions\/2384"}],"wp:attachment":[{"href":"https:\/\/intersafe.pt\/index.php\/wp-json\/wp\/v2\/media?parent=2377"}],"wp:term":[{"taxonomy":"category","embeddable":true,"href":"https:\/\/intersafe.pt\/index.php\/wp-json\/wp\/v2\/categories?post=2377"},{"taxonomy":"post_tag","embeddable":true,"href":"https:\/\/intersafe.pt\/index.php\/wp-json\/wp\/v2\/tags?post=2377"}],"curies":[{"name":"wp","href":"https:\/\/api.w.org\/{rel}","templated":true}]}}