{"id":320,"date":"2022-02-21T09:00:26","date_gmt":"2022-02-21T07:00:26","guid":{"rendered":"https:\/\/intersafe.es\/index.php\/2022\/02\/21\/cascos-de-proteccion\/"},"modified":"2023-04-04T14:00:42","modified_gmt":"2023-04-04T14:00:42","slug":"cascos-de-proteccion","status":"publish","type":"post","link":"https:\/\/intersafe.pt\/index.php\/2022\/02\/21\/cascos-de-proteccion\/","title":{"rendered":"Cascos de protecci\u00f3n: conservaci\u00f3n, mantenimiento y caducidad"},"content":{"rendered":"\t\t<div data-elementor-type=\"wp-post\" data-elementor-id=\"320\" class=\"elementor elementor-320\">\n\t\t\t\t\t\t\t\t\t<section class=\"elementor-section elementor-top-section elementor-element elementor-element-778f08f elementor-section-boxed elementor-section-height-default elementor-section-height-default\" data-id=\"778f08f\" data-element_type=\"section\">\n\t\t\t\t\t\t<div class=\"elementor-container elementor-column-gap-default\">\n\t\t\t\t\t<div class=\"elementor-column elementor-col-100 elementor-top-column elementor-element elementor-element-3ce299bc\" data-id=\"3ce299bc\" data-element_type=\"column\">\n\t\t\t<div class=\"elementor-widget-wrap elementor-element-populated\">\n\t\t\t\t\t\t\t\t<div class=\"elementor-element elementor-element-f2f5185 elementor-widget elementor-widget-heading\" data-id=\"f2f5185\" data-element_type=\"widget\" data-widget_type=\"heading.default\">\n\t\t\t\t<div class=\"elementor-widget-container\">\n\t\t\t<style>\/*! elementor - v3.16.0 - 12-09-2023 *\/\n.elementor-heading-title{padding:0;margin:0;line-height:1}.elementor-widget-heading .elementor-heading-title[class*=elementor-size-]>a{color:inherit;font-size:inherit;line-height:inherit}.elementor-widget-heading .elementor-heading-title.elementor-size-small{font-size:15px}.elementor-widget-heading .elementor-heading-title.elementor-size-medium{font-size:19px}.elementor-widget-heading .elementor-heading-title.elementor-size-large{font-size:29px}.elementor-widget-heading .elementor-heading-title.elementor-size-xl{font-size:39px}.elementor-widget-heading .elementor-heading-title.elementor-size-xxl{font-size:59px}<\/style><span id=\"scroll69f39d531a275\"  class=\"scrollMagicControl\" type=\"hidden\" effect = {} wpmp_enable_desktop=\"yes\" wpmp_enable_tablet=\"yes\" wpmp_enable_mobile=\"yes\" wpmp_trigger_hook=\"0.5\" wpmp_reverse=\"yes\" wpmp_class_CSS =\"custom\" split-text = {} value=\"scrollmagic\"><\/span><h2 class=\"elementor-heading-title elementor-size-default\">cascos de protecci\u00f3n para la industria<\/h2>\t\t<\/div>\n\t\t\t\t<\/div>\n\t\t\t\t<div class=\"elementor-element elementor-element-6ca4740 elementor-widget elementor-widget-image\" data-id=\"6ca4740\" data-element_type=\"widget\" data-widget_type=\"image.default\">\n\t\t\t\t<div class=\"elementor-widget-container\">\n\t\t\t<style>\/*! elementor - v3.16.0 - 12-09-2023 *\/\n.elementor-widget-image{text-align:center}.elementor-widget-image a{display:inline-block}.elementor-widget-image a img[src$=\".svg\"]{width:48px}.elementor-widget-image img{vertical-align:middle;display:inline-block}<\/style><span id=\"scroll69f39d531b273\"  class=\"scrollMagicControl\" type=\"hidden\" effect = {} wpmp_enable_desktop=\"yes\" wpmp_enable_tablet=\"yes\" wpmp_enable_mobile=\"yes\" wpmp_trigger_hook=\"0.5\" wpmp_reverse=\"yes\" wpmp_class_CSS =\"custom\" split-text = {} value=\"scrollmagic\"><\/span>\t\t\t\t\t\t\t\t\t\t\t\t<img loading=\"lazy\" decoding=\"async\" width=\"1024\" height=\"707\" src=\"https:\/\/intersafe.pt\/wp-content\/uploads\/2023\/02\/GettyImages-1392719942-1024x707.jpg\" class=\"attachment-large size-large wp-image-2041\" alt=\"\" srcset=\"https:\/\/intersafe.pt\/wp-content\/uploads\/2023\/02\/GettyImages-1392719942-1024x707.jpg 1024w, https:\/\/intersafe.pt\/wp-content\/uploads\/2023\/02\/GettyImages-1392719942-300x207.jpg 300w, https:\/\/intersafe.pt\/wp-content\/uploads\/2023\/02\/GettyImages-1392719942-768x530.jpg 768w, https:\/\/intersafe.pt\/wp-content\/uploads\/2023\/02\/GettyImages-1392719942-1536x1060.jpg 1536w, https:\/\/intersafe.pt\/wp-content\/uploads\/2023\/02\/GettyImages-1392719942-2048x1413.jpg 2048w\" sizes=\"auto, (max-width: 1024px) 100vw, 1024px\" \/>\t\t\t\t\t\t\t\t\t\t\t\t\t\t\t<\/div>\n\t\t\t\t<\/div>\n\t\t\t\t<div class=\"elementor-element elementor-element-3be9620d elementor-widget elementor-widget-text-editor\" data-id=\"3be9620d\" data-element_type=\"widget\" data-widget_type=\"text-editor.default\">\n\t\t\t\t<div class=\"elementor-widget-container\">\n\t\t\t<style>\/*! elementor - v3.16.0 - 12-09-2023 *\/\n.elementor-widget-text-editor.elementor-drop-cap-view-stacked .elementor-drop-cap{background-color:#69727d;color:#fff}.elementor-widget-text-editor.elementor-drop-cap-view-framed .elementor-drop-cap{color:#69727d;border:3px solid;background-color:transparent}.elementor-widget-text-editor:not(.elementor-drop-cap-view-default) .elementor-drop-cap{margin-top:8px}.elementor-widget-text-editor:not(.elementor-drop-cap-view-default) .elementor-drop-cap-letter{width:1em;height:1em}.elementor-widget-text-editor .elementor-drop-cap{float:left;text-align:center;line-height:1;font-size:50px}.elementor-widget-text-editor .elementor-drop-cap-letter{display:inline-block}<\/style><span id=\"scroll69f39d531bbd0\"  class=\"scrollMagicControl\" type=\"hidden\" effect = {} wpmp_enable_desktop=\"yes\" wpmp_enable_tablet=\"yes\" wpmp_enable_mobile=\"yes\" wpmp_trigger_hook=\"0.5\" wpmp_reverse=\"yes\" wpmp_class_CSS =\"custom\" split-text = {} value=\"scrollmagic\"><\/span>\t\t\t\t<p><span style=\"color: #2a3381;\">La protecci\u00f3n de la cabeza es una parte fundamental de cualquier equipo de protecci\u00f3n individual. Gracias a esta <strong>protecci\u00f3n<\/strong>, sobre todo en los trabajos que se desarrollan en industria, se mantiene a salvo la <strong>parte superior de la cabeza<\/strong> de heridas causadas por <strong>posibles accidentes<\/strong>. Aunque no es la \u00fanica protecci\u00f3n que ofrecen, ya que tambi\u00e9n pueden encontrarse preparados para <strong>proteger frente a riesgos de descarga el\u00e9ctrica o a altas temperaturas.<\/strong><\/span><\/p><p><span style=\"color: #2a3381;\">Lo fundamental para que estos cascos de protecci\u00f3n sigan encontr\u00e1ndose en perfecto estado es <strong>necesario llevar a cabo un buen mantenimiento del material<\/strong>. La manera en que se <strong>almacenen o los agentes a los que est\u00e9n expuestos<\/strong> pueden hacer que, con el tiempo, <strong>pierdan la funci\u00f3n protectora<\/strong> para la que fueron creados.<\/span><\/p><p><span style=\"color: #2a3381;\">Descubre como se debe hacer el mantenimiento de un casco de protecci\u00f3n en funci\u00f3n de su tipolog\u00eda y aprende a reconocer el etiquetado de los mismos.<\/span><\/p><p><span style=\"color: #2a3381;\">Marcado de los cascos de seguridad<\/span><\/p><p><span style=\"color: #2a3381;\">La mayor garant\u00eda de protecci\u00f3n que puede ofrecer un casco es su <strong>marcado<\/strong>, ya que este <strong>indica que est\u00e1 preparado para ofrecer la protecci\u00f3n necesaria<\/strong>. El principal es el marcado CE, que se obtiene seg\u00fan lo dispuesto en el <strong>Real Decreto 1407\/1992 y su modificaci\u00f3n 159\/1995<\/strong> que regula las condiciones para la comercializaci\u00f3n y libre circulaci\u00f3n intracomunitaria de los equipos de protecci\u00f3n individual.<\/span><\/p><p><span style=\"color: #2a3381;\">El Real Decreto no es el \u00fanico documento que regula el marcado de los cascos de seguridad. Seg\u00fan lo exigido en la norma <strong>UNE EN 397:1995<\/strong>, que establece los <strong>requisitos que ha de cumplir un casco de protecci\u00f3n para la industria<\/strong>, los cascos de protecci\u00f3n pueden estar marcados con:<\/span><\/p><ul><li><span style=\"color: #2a3381;\">N\u00famero de la norma europea (EN 397).<\/span><\/li><li><span style=\"color: #2a3381;\">Nombre o marca de identificaci\u00f3n del fabricante.<\/span><\/li><li><span style=\"color: #2a3381;\">Modelo (tal y como lo designe el fabricante).<\/span><\/li><li><span style=\"color: #2a3381;\">A\u00f1o y trimestre de fabricaci\u00f3n.<\/span><\/li><li><span style=\"color: #2a3381;\">Rango de tallas en cm.<\/span><\/li><\/ul><p><span style=\"color: #2a3381;\">Otras normas que influyen directamente en este marcado son la <strong>812:2012 para cascos contra golpes para la industria<\/strong> y la <strong>EN 14052:2012+A1:2012 para cascos de altas prestaciones para la industria<\/strong>.<\/span><\/p><p><span style=\"color: #2a3381;\">Incluso es posible encontrar un <strong>marcado adicional<\/strong> para indicar los requisitos adicionales que cumple el casco de protecci\u00f3n y que determinan su uso para <strong>actividades espec\u00edficas<\/strong> seg\u00fan lo regulado en las normas <strong>UNE EN 50365:2003<\/strong> (cascos <strong>el\u00e9ctricamente aislantes<\/strong>) y <strong>UNE EN 443:2009<\/strong> (cascos para la lucha <strong>contra el fuego<\/strong>):<\/span><\/p><ul><li><span style=\"color: #2a3381;\">-20\u00ba C o -30\u00baC: Resistencia a muy baja temperatura.<\/span><\/li><li><span style=\"color: #2a3381;\">+150\u00ba: Resistencia a muy alta temperatura.<\/span><\/li><li><span style=\"color: #2a3381;\">440 Vac: Aislamiento el\u00e9ctrico.<\/span><\/li><li><span style=\"color: #2a3381;\">LD: Resistencia a la deformaci\u00f3n lateral.<\/span><\/li><li><span style=\"color: #2a3381;\">MM: Resistencia a las salpicaduras de metal fundido.<\/span><\/li><\/ul><h2><span style=\"color: #2a3381;\">La importancia del folleto informativo<\/span><\/h2><p><span style=\"color: #2a3381;\">La obtenci\u00f3n del marcado CE que otorga la Uni\u00f3n Europea resulta esencial para cualquier equipo de protecci\u00f3n individual. En el caso de los cascos de protecci\u00f3n tambi\u00e9n resulta fundamental la presencia de un folleto informativo. De esta forma el usuario puede mantenerse informado en todo momento acerca de las caracter\u00edsticas de su casco de seguridad.<\/span><\/p><p><span style=\"color: #2a3381;\">Para que este folleto informativo sea lo m\u00e1s completo posible, y seg\u00fan el <strong>Ministerio de Empleo y Seguridad Social del Gobierno de Espa\u00f1a<\/strong>, en \u00e9l deben figurar:<\/span><\/p><ul><li><span style=\"color: #2a3381;\">Nombre y direcci\u00f3n del fabricante.<\/span><\/li><li><span style=\"color: #2a3381;\">Instrucciones de ajuste, uso, limpieza, mantenimiento, revisi\u00f3n y almacenamiento.<\/span><\/li><li><span style=\"color: #2a3381;\">Accesorios y repuestos posibles para el casco de seguridad.<\/span><\/li><\/ul><p><span style=\"color: #2a3381;\">Contar con este tipo de informaci\u00f3n <strong>facilita el correcto uso del equipo de protecci\u00f3n individual<\/strong> y, al mismo tiempo, permite <strong>conservarlo de forma adecuada<\/strong> para prolongar su durabilidad en un estado adecuado.<\/span><\/p><h2><span style=\"color: #2a3381;\">Cascos de seguridad: \u00bfqu\u00e9 cuidados debo tener?<\/span><\/h2><p><span style=\"color: #2a3381;\">Cualquier prenda perteneciente a un equipo de protecci\u00f3n individual debe someterse a un <strong>correcto cuidado que permita prolongar su vida \u00fatil en \u00f3ptimo estado<\/strong> lo m\u00e1ximo posible. Los cascos de seguridad no son una excepci\u00f3n, por eso es necesario mantenerlos protegidos de los elementos que pueden causar da\u00f1os a su integridad.<\/span><\/p><p><span style=\"color: #2a3381;\">Teniendo en consideraci\u00f3n que <strong>la mayor\u00eda de cascos de seguridad est\u00e1n fabricados en materia pl\u00e1stica<\/strong> resulta esencial protegerlos de acciones que puedan acelerar su deterioro tales como:<\/span><\/p><ul><li><span style=\"color: #2a3381;\">Exposici\u00f3n a determinadas <strong>acciones qu\u00edmicas<\/strong>.<\/span><\/li><li><span style=\"color: #2a3381;\">Exposici\u00f3n a la <strong>luz solar y las radiaciones UV<\/strong>.<\/span><\/li><li><span style=\"color: #2a3381;\">Exposici\u00f3n al <strong>calor y fr\u00edo extremos<\/strong>.<\/span><\/li><li><span style=\"color: #2a3381;\">Exposici\u00f3n a la <strong>humedad<\/strong>.<\/span><\/li><li><span style=\"color: #2a3381;\"><strong>Acci\u00f3n mec\u00e1nica<\/strong>.<\/span><\/li><li><span style=\"color: #2a3381;\"><strong>Utilizaci\u00f3n err\u00f3nea<\/strong>.<\/span><\/li><\/ul><h2><span style=\"color: #2a3381;\">El mantenimiento adecuado para cada casco<\/span><\/h2><p><span style=\"color: #2a3381;\">Mantener en buen estado el casco de seguridad resulta fundamental para que este siga cumpliendo su funci\u00f3n protectora adecuadamente. Aunque ya hemos mencionado algunos de los <strong>riesgos que se deben evitar<\/strong> para que su deterioro sea r\u00e1pido, tambi\u00e9n es necesario tener en cuenta que <strong>su mantenimiento juega un papel muy importante<\/strong>.<\/span><\/p><p><span style=\"color: #2a3381;\">La <strong>suciedad y el deterioro<\/strong> del casco son dos de los grandes enemigos de su integridad. Por este motivo realizar <strong>controles peri\u00f3dicos de nuestro equipo de seguridad<\/strong> puede ayudarnos a apreciar cualquier se\u00f1al de deterioro con anticipaci\u00f3n. Adem\u00e1s, seguir las <strong>instrucciones de mantenimiento del fabricante<\/strong> tambi\u00e9n contribuye a una mejor conservaci\u00f3n del casco.<\/span><\/p><p><span style=\"color: #2a3381;\">La <strong>forma y el lugar en el que se almacena<\/strong> el casco de seguridad tambi\u00e9n influyen directamente en su durabilidad y el mantenimiento de la integridad del mismo, tanto antes de llegar a manos del usuario como entre per\u00edodos de uso. De esta manera lo mejor es <strong>mantenerlo en lugares no sometidos a radiaciones ultravioleta o solares ni a altas o bajas temperaturas<\/strong>.<\/span><\/p><p><span style=\"color: #2a3381;\">Para que un casco de seguridad se mantenga en un estado adecuado para su uso lo mejor es <strong>evitar<\/strong>:<\/span><\/p><ul><li><span style=\"color: #2a3381;\"><strong>Modificar o quitar cualquier pieza original<\/strong> que forme parte del casco, excepto modificaciones recomendadas por el fabricante.<\/span><\/li><li><span style=\"color: #2a3381;\">Adaptar el casco para la fijaci\u00f3n de <strong>accesorios no recomendados<\/strong>.<\/span><\/li><li><span style=\"color: #2a3381;\">Aplicar <strong>adhesivos o etiquetas autoadhesivas<\/strong> a no ser que la empresa fabricante indique lo contrario.<\/span><\/li><li><span style=\"color: #2a3381;\">Aplicar <strong>pinturas o disolventes<\/strong>.<\/span><\/li><\/ul><p><span style=\"color: #2a3381;\">Por el contrario, <strong>para realizar un buen mantenimiento<\/strong> del casco lo mejor es tener en cuenta algunos detalles como:<\/span><\/p><ul><li><span style=\"color: #2a3381;\">Si el casco est\u00e1 fabricado en <strong>polietileno, polipropileno o ABS<\/strong> y se utiliza habitualmente al aire libre o cerca de fuentes ultravioleta es normal que su degradaci\u00f3n sea m\u00e1s r\u00e1pida. Por este motivo se recomienda <strong>sustituirlos al menos una vez cada 3 a\u00f1os<\/strong> para seguir garantizando la seguridad del usuario.<\/span><\/li><li><span style=\"color: #2a3381;\">En caso de aparecer alguna <strong>decoloraci\u00f3n o grieta<\/strong>, o si <strong>cruje o desprende fibras<\/strong> el casco debe <strong>desecharse<\/strong>.<\/span><\/li><li><span style=\"color: #2a3381;\">Si se ha <strong>sufrido un golpe fuerte<\/strong>, aunque no presente signos de deterioro, tambi\u00e9n es recomendable desecharse para prevenir da\u00f1os futuros.<\/span><\/li><li><span style=\"color: #2a3381;\">La <strong>desinfecci\u00f3n del casco<\/strong> ha de realizarse <strong>con la soluci\u00f3n adecuada<\/strong>, de manera que no ponga en peligro la integridad del equipo de protecci\u00f3n individual.<\/span><\/li><li><span style=\"color: #2a3381;\">Es necesario <strong>eliminar los materiales que se adhieran al casco<\/strong> (yeso, cemento, cola, resinas&#8230;) haciendo uso de <strong>medios mec\u00e1nicos o bien de agua caliente<\/strong>, <strong>detergente y un cepillo de cerdas duras<\/strong>.<\/span><\/li><li><span style=\"color: #2a3381;\">En los momentos en los que no se est\u00e9 usando el casco deber\u00eda <strong>guardarse en horizontal o colgado de un gancho <\/strong>en un lugar protegido de la luz solar directa y de una temperatura o humedad elevada.<\/span><\/li><\/ul><h2><span style=\"color: #2a3381;\">Una informaci\u00f3n fundamental<\/span><\/h2><p><span style=\"color: #2a3381;\">Si bien legalmente no se especifica ning\u00fan tipo de requisito concreto que establezca la caducidad de los cascos de seguridad, lo cierto es que la <strong>normativa EN 397 establece la obligatoriedad para el fabricante de especificar la vida \u00fatil recomendada en condiciones de uso normales<\/strong>.<\/span><\/p><p><span style=\"color: #2a3381;\">Sin embargo, y aunque no haya normas concretas que lo estipulen, podemos considerar que <strong>la caducidad de un casco de protecci\u00f3n la determina el tiempo que \u00e9ste conserva su funci\u00f3n protectora<\/strong>. Algunos de los signos m\u00e1s habituales que evidencian la caducidad del casco de seguridad son:<\/span><\/p><ul><li><span style=\"color: #2a3381;\">Presencia de <strong>grietas<\/strong> en el casco.<\/span><\/li><li><span style=\"color: #2a3381;\"><strong>Rotura del arn\u00e9s<\/strong>.<\/span><\/li><li><span style=\"color: #2a3381;\"><strong>Abolladuras<\/strong> sensibles en la parte superior.<\/span><\/li><li><span style=\"color: #2a3381;\"><strong>Deformaciones<\/strong> que impidan una correcta adaptaci\u00f3n a la cabeza.<\/span><\/li><li><span style=\"color: #2a3381;\"><strong>Marcas circulares<\/strong> alrededor del punto de inyecci\u00f3n de la cima del casquete.<\/span><\/li><\/ul><p><span style=\"color: #2a3381;\">La presencia de alguna de estas se\u00f1ales provocadas por el <strong>uso regular del casco<\/strong> indica que el casco ha llegado a su <strong>l\u00edmite de caducidad<\/strong> y es el momento de cambiarlo para seguir estando adecuadamente protegidos frente a los peligros en el entorno laboral.<\/span><\/p><h2><span style=\"color: #2a3381;\">Protecci\u00f3n esencial para el trabajador<\/span><\/h2><p><span style=\"color: #2a3381;\">Los <strong>cascos de seguridad<\/strong> son, sin duda alguna, una <strong>pieza fundamental<\/strong> de cualquier equipo de protecci\u00f3n individual que deba usarse en el <strong>entorno industrial y profesional<\/strong>. El buen estado del material ser\u00e1 determinante a la hora de ofrecer la protecci\u00f3n esperada y anunciada por el fabricante. Los usuarios deben ser <strong>responsables en el mantenimiento<\/strong> y as\u00ed <strong>alagar la durabilidad del casco en las mejores condiciones<\/strong>.<\/span><\/p>\t\t\t\t\t\t<\/div>\n\t\t\t\t<\/div>\n\t\t\t\t\t<\/div>\n\t\t<\/div>\n\t\t\t\t\t\t\t<\/div>\n\t\t<\/section>\n\t\t\t\t\t\t\t<\/div>\n\t\t","protected":false},"excerpt":{"rendered":"<p>cascos de protecci\u00f3n para la industria La protecci\u00f3n de la cabeza es una parte fundamental de cualquier equipo de protecci\u00f3n individual. Gracias a esta protecci\u00f3n, sobre todo en los trabajos que se desarrollan en industria, se mantiene a salvo la parte superior de la cabeza de heridas causadas por posibles accidentes. Aunque no es la &hellip;<\/p>\n<p class=\"read-more\"> <a class=\"\" href=\"https:\/\/intersafe.pt\/index.php\/2022\/02\/21\/cascos-de-proteccion\/\"> <span class=\"screen-reader-text\">Cascos de protecci\u00f3n: conservaci\u00f3n, mantenimiento y caducidad<\/span> Leer m\u00e1s \u00bb<\/a><\/p>\n","protected":false},"author":1,"featured_media":321,"comment_status":"open","ping_status":"open","sticky":false,"template":"","format":"standard","meta":{"site-sidebar-layout":"default","site-content-layout":"default","ast-global-header-display":"","ast-banner-title-visibility":"","ast-main-header-display":"","ast-hfb-above-header-display":"","ast-hfb-below-header-display":"","ast-hfb-mobile-header-display":"","site-post-title":"disabled","ast-breadcrumbs-content":"","ast-featured-img":"","footer-sml-layout":"","theme-transparent-header-meta":"","adv-header-id-meta":"","stick-header-meta":"","header-above-stick-meta":"","header-main-stick-meta":"","header-below-stick-meta":"","footnotes":""},"categories":[12,49],"tags":[48],"class_list":["post-320","post","type-post","status-publish","format-standard","has-post-thumbnail","hentry","category-cascos-proteccion-industria","category-cabeza","tag-cascos-de-proteccion-para-la-industria"],"yoast_head":"<!-- This site is optimized with the Yoast SEO plugin v27.5 - https:\/\/yoast.com\/product\/yoast-seo-wordpress\/ -->\n<title>La correcta conservaci\u00f3n de los cascos de protecci\u00f3n es fundamental<\/title>\n<meta name=\"description\" content=\"Un buen mantenimiento del casco ser\u00e1 la garant\u00eda de que el equipo est\u00e1 en buen estado y cumple con su funci\u00f3n protectora tal y como dise\u00f1\u00f3 el fabricante\" \/>\n<meta name=\"robots\" content=\"index, follow, max-snippet:-1, max-image-preview:large, max-video-preview:-1\" \/>\n<link rel=\"canonical\" href=\"https:\/\/intersafe.pt\/index.php\/2022\/02\/21\/cascos-de-proteccion\/\" \/>\n<meta property=\"og:locale\" content=\"es_ES\" \/>\n<meta property=\"og:type\" content=\"article\" \/>\n<meta property=\"og:title\" content=\"La correcta conservaci\u00f3n de los cascos de protecci\u00f3n es fundamental\" \/>\n<meta property=\"og:description\" content=\"Un buen mantenimiento del casco ser\u00e1 la garant\u00eda de que el equipo est\u00e1 en buen estado y cumple con su funci\u00f3n protectora tal y como dise\u00f1\u00f3 el fabricante\" \/>\n<meta property=\"og:url\" content=\"https:\/\/intersafe.pt\/index.php\/2022\/02\/21\/cascos-de-proteccion\/\" \/>\n<meta property=\"og:site_name\" content=\"Intersafe Portugal\" \/>\n<meta property=\"article:published_time\" content=\"2022-02-21T07:00:26+00:00\" \/>\n<meta property=\"article:modified_time\" content=\"2023-04-04T14:00:42+00:00\" \/>\n<meta name=\"author\" content=\"admin\" \/>\n<meta name=\"twitter:card\" content=\"summary_large_image\" \/>\n<meta name=\"twitter:label1\" content=\"Escrito por\" \/>\n\t<meta name=\"twitter:data1\" content=\"admin\" \/>\n\t<meta name=\"twitter:label2\" content=\"Tiempo de lectura\" \/>\n\t<meta name=\"twitter:data2\" content=\"7 minutos\" \/>\n<script type=\"application\/ld+json\" class=\"yoast-schema-graph\">{\"@context\":\"https:\\\/\\\/schema.org\",\"@graph\":[{\"@type\":\"Article\",\"@id\":\"https:\\\/\\\/intersafe.pt\\\/index.php\\\/2022\\\/02\\\/21\\\/cascos-de-proteccion\\\/#article\",\"isPartOf\":{\"@id\":\"https:\\\/\\\/intersafe.pt\\\/index.php\\\/2022\\\/02\\\/21\\\/cascos-de-proteccion\\\/\"},\"author\":{\"name\":\"admin\",\"@id\":\"https:\\\/\\\/intersafe.pt\\\/#\\\/schema\\\/person\\\/f1d43ff9401eeb1fb76690b63f91d128\"},\"headline\":\"Cascos de protecci\u00f3n: conservaci\u00f3n, mantenimiento y caducidad\",\"datePublished\":\"2022-02-21T07:00:26+00:00\",\"dateModified\":\"2023-04-04T14:00:42+00:00\",\"mainEntityOfPage\":{\"@id\":\"https:\\\/\\\/intersafe.pt\\\/index.php\\\/2022\\\/02\\\/21\\\/cascos-de-proteccion\\\/\"},\"wordCount\":1457,\"commentCount\":0,\"publisher\":{\"@id\":\"https:\\\/\\\/intersafe.pt\\\/#organization\"},\"image\":{\"@id\":\"https:\\\/\\\/intersafe.pt\\\/index.php\\\/2022\\\/02\\\/21\\\/cascos-de-proteccion\\\/#primaryimage\"},\"thumbnailUrl\":\"\",\"keywords\":[\"Cascos de protecci\u00f3n para la industria\"],\"articleSection\":[\"Cascos de protecci\u00f3n para la industria\",\"Protecci\u00f3n de cabeza\"],\"inLanguage\":\"es\",\"potentialAction\":[{\"@type\":\"CommentAction\",\"name\":\"Comment\",\"target\":[\"https:\\\/\\\/intersafe.pt\\\/index.php\\\/2022\\\/02\\\/21\\\/cascos-de-proteccion\\\/#respond\"]}]},{\"@type\":\"WebPage\",\"@id\":\"https:\\\/\\\/intersafe.pt\\\/index.php\\\/2022\\\/02\\\/21\\\/cascos-de-proteccion\\\/\",\"url\":\"https:\\\/\\\/intersafe.pt\\\/index.php\\\/2022\\\/02\\\/21\\\/cascos-de-proteccion\\\/\",\"name\":\"La correcta conservaci\u00f3n de los cascos de protecci\u00f3n es fundamental\",\"isPartOf\":{\"@id\":\"https:\\\/\\\/intersafe.pt\\\/#website\"},\"primaryImageOfPage\":{\"@id\":\"https:\\\/\\\/intersafe.pt\\\/index.php\\\/2022\\\/02\\\/21\\\/cascos-de-proteccion\\\/#primaryimage\"},\"image\":{\"@id\":\"https:\\\/\\\/intersafe.pt\\\/index.php\\\/2022\\\/02\\\/21\\\/cascos-de-proteccion\\\/#primaryimage\"},\"thumbnailUrl\":\"\",\"datePublished\":\"2022-02-21T07:00:26+00:00\",\"dateModified\":\"2023-04-04T14:00:42+00:00\",\"description\":\"Un buen mantenimiento del casco ser\u00e1 la garant\u00eda de que el equipo est\u00e1 en buen estado y cumple con su funci\u00f3n protectora tal y como dise\u00f1\u00f3 el fabricante\",\"breadcrumb\":{\"@id\":\"https:\\\/\\\/intersafe.pt\\\/index.php\\\/2022\\\/02\\\/21\\\/cascos-de-proteccion\\\/#breadcrumb\"},\"inLanguage\":\"es\",\"potentialAction\":[{\"@type\":\"ReadAction\",\"target\":[\"https:\\\/\\\/intersafe.pt\\\/index.php\\\/2022\\\/02\\\/21\\\/cascos-de-proteccion\\\/\"]}]},{\"@type\":\"ImageObject\",\"inLanguage\":\"es\",\"@id\":\"https:\\\/\\\/intersafe.pt\\\/index.php\\\/2022\\\/02\\\/21\\\/cascos-de-proteccion\\\/#primaryimage\",\"url\":\"\",\"contentUrl\":\"\"},{\"@type\":\"BreadcrumbList\",\"@id\":\"https:\\\/\\\/intersafe.pt\\\/index.php\\\/2022\\\/02\\\/21\\\/cascos-de-proteccion\\\/#breadcrumb\",\"itemListElement\":[{\"@type\":\"ListItem\",\"position\":1,\"name\":\"Portada\",\"item\":\"https:\\\/\\\/intersafe.pt\\\/\"},{\"@type\":\"ListItem\",\"position\":2,\"name\":\"Cascos de protecci\u00f3n: conservaci\u00f3n, mantenimiento y caducidad\"}]},{\"@type\":\"WebSite\",\"@id\":\"https:\\\/\\\/intersafe.pt\\\/#website\",\"url\":\"https:\\\/\\\/intersafe.pt\\\/\",\"name\":\"Intersafe Portugal\",\"description\":\"Soluciones integrales en materia de seguridad laboral\",\"publisher\":{\"@id\":\"https:\\\/\\\/intersafe.pt\\\/#organization\"},\"potentialAction\":[{\"@type\":\"SearchAction\",\"target\":{\"@type\":\"EntryPoint\",\"urlTemplate\":\"https:\\\/\\\/intersafe.pt\\\/?s={search_term_string}\"},\"query-input\":{\"@type\":\"PropertyValueSpecification\",\"valueRequired\":true,\"valueName\":\"search_term_string\"}}],\"inLanguage\":\"es\"},{\"@type\":\"Organization\",\"@id\":\"https:\\\/\\\/intersafe.pt\\\/#organization\",\"name\":\"Intersafe Portugal\",\"url\":\"https:\\\/\\\/intersafe.pt\\\/\",\"logo\":{\"@type\":\"ImageObject\",\"inLanguage\":\"es\",\"@id\":\"https:\\\/\\\/intersafe.pt\\\/#\\\/schema\\\/logo\\\/image\\\/\",\"url\":\"https:\\\/\\\/intersafe.pt\\\/wp-content\\\/uploads\\\/2024\\\/12\\\/cropped-Lyreco_Intersafe_Logotype_RGB_negative.png\",\"contentUrl\":\"https:\\\/\\\/intersafe.pt\\\/wp-content\\\/uploads\\\/2024\\\/12\\\/cropped-Lyreco_Intersafe_Logotype_RGB_negative.png\",\"width\":1607,\"height\":623,\"caption\":\"Intersafe Portugal\"},\"image\":{\"@id\":\"https:\\\/\\\/intersafe.pt\\\/#\\\/schema\\\/logo\\\/image\\\/\"}},{\"@type\":\"Person\",\"@id\":\"https:\\\/\\\/intersafe.pt\\\/#\\\/schema\\\/person\\\/f1d43ff9401eeb1fb76690b63f91d128\",\"name\":\"admin\",\"image\":{\"@type\":\"ImageObject\",\"inLanguage\":\"es\",\"@id\":\"https:\\\/\\\/secure.gravatar.com\\\/avatar\\\/0a70928f7c8555b0c3d9fffa3ad3476f0c53fd84ed0c3555b6149a2fae34470b?s=96&d=mm&r=g\",\"url\":\"https:\\\/\\\/secure.gravatar.com\\\/avatar\\\/0a70928f7c8555b0c3d9fffa3ad3476f0c53fd84ed0c3555b6149a2fae34470b?s=96&d=mm&r=g\",\"contentUrl\":\"https:\\\/\\\/secure.gravatar.com\\\/avatar\\\/0a70928f7c8555b0c3d9fffa3ad3476f0c53fd84ed0c3555b6149a2fae34470b?s=96&d=mm&r=g\",\"caption\":\"admin\"},\"sameAs\":[\"https:\\\/\\\/intersafe.pt\"],\"url\":\"https:\\\/\\\/intersafe.pt\\\/index.php\\\/author\\\/intersafe-cex-23\\\/\"}]}<\/script>\n<!-- \/ Yoast SEO plugin. -->","yoast_head_json":{"title":"La correcta conservaci\u00f3n de los cascos de protecci\u00f3n es fundamental","description":"Un buen mantenimiento del casco ser\u00e1 la garant\u00eda de que el equipo est\u00e1 en buen estado y cumple con su funci\u00f3n protectora tal y como dise\u00f1\u00f3 el fabricante","robots":{"index":"index","follow":"follow","max-snippet":"max-snippet:-1","max-image-preview":"max-image-preview:large","max-video-preview":"max-video-preview:-1"},"canonical":"https:\/\/intersafe.pt\/index.php\/2022\/02\/21\/cascos-de-proteccion\/","og_locale":"es_ES","og_type":"article","og_title":"La correcta conservaci\u00f3n de los cascos de protecci\u00f3n es fundamental","og_description":"Un buen mantenimiento del casco ser\u00e1 la garant\u00eda de que el equipo est\u00e1 en buen estado y cumple con su funci\u00f3n protectora tal y como dise\u00f1\u00f3 el fabricante","og_url":"https:\/\/intersafe.pt\/index.php\/2022\/02\/21\/cascos-de-proteccion\/","og_site_name":"Intersafe Portugal","article_published_time":"2022-02-21T07:00:26+00:00","article_modified_time":"2023-04-04T14:00:42+00:00","author":"admin","twitter_card":"summary_large_image","twitter_misc":{"Escrito por":"admin","Tiempo de lectura":"7 minutos"},"schema":{"@context":"https:\/\/schema.org","@graph":[{"@type":"Article","@id":"https:\/\/intersafe.pt\/index.php\/2022\/02\/21\/cascos-de-proteccion\/#article","isPartOf":{"@id":"https:\/\/intersafe.pt\/index.php\/2022\/02\/21\/cascos-de-proteccion\/"},"author":{"name":"admin","@id":"https:\/\/intersafe.pt\/#\/schema\/person\/f1d43ff9401eeb1fb76690b63f91d128"},"headline":"Cascos de protecci\u00f3n: conservaci\u00f3n, mantenimiento y caducidad","datePublished":"2022-02-21T07:00:26+00:00","dateModified":"2023-04-04T14:00:42+00:00","mainEntityOfPage":{"@id":"https:\/\/intersafe.pt\/index.php\/2022\/02\/21\/cascos-de-proteccion\/"},"wordCount":1457,"commentCount":0,"publisher":{"@id":"https:\/\/intersafe.pt\/#organization"},"image":{"@id":"https:\/\/intersafe.pt\/index.php\/2022\/02\/21\/cascos-de-proteccion\/#primaryimage"},"thumbnailUrl":"","keywords":["Cascos de protecci\u00f3n para la industria"],"articleSection":["Cascos de protecci\u00f3n para la industria","Protecci\u00f3n de cabeza"],"inLanguage":"es","potentialAction":[{"@type":"CommentAction","name":"Comment","target":["https:\/\/intersafe.pt\/index.php\/2022\/02\/21\/cascos-de-proteccion\/#respond"]}]},{"@type":"WebPage","@id":"https:\/\/intersafe.pt\/index.php\/2022\/02\/21\/cascos-de-proteccion\/","url":"https:\/\/intersafe.pt\/index.php\/2022\/02\/21\/cascos-de-proteccion\/","name":"La correcta conservaci\u00f3n de los cascos de protecci\u00f3n es fundamental","isPartOf":{"@id":"https:\/\/intersafe.pt\/#website"},"primaryImageOfPage":{"@id":"https:\/\/intersafe.pt\/index.php\/2022\/02\/21\/cascos-de-proteccion\/#primaryimage"},"image":{"@id":"https:\/\/intersafe.pt\/index.php\/2022\/02\/21\/cascos-de-proteccion\/#primaryimage"},"thumbnailUrl":"","datePublished":"2022-02-21T07:00:26+00:00","dateModified":"2023-04-04T14:00:42+00:00","description":"Un buen mantenimiento del casco ser\u00e1 la garant\u00eda de que el equipo est\u00e1 en buen estado y cumple con su funci\u00f3n protectora tal y como dise\u00f1\u00f3 el fabricante","breadcrumb":{"@id":"https:\/\/intersafe.pt\/index.php\/2022\/02\/21\/cascos-de-proteccion\/#breadcrumb"},"inLanguage":"es","potentialAction":[{"@type":"ReadAction","target":["https:\/\/intersafe.pt\/index.php\/2022\/02\/21\/cascos-de-proteccion\/"]}]},{"@type":"ImageObject","inLanguage":"es","@id":"https:\/\/intersafe.pt\/index.php\/2022\/02\/21\/cascos-de-proteccion\/#primaryimage","url":"","contentUrl":""},{"@type":"BreadcrumbList","@id":"https:\/\/intersafe.pt\/index.php\/2022\/02\/21\/cascos-de-proteccion\/#breadcrumb","itemListElement":[{"@type":"ListItem","position":1,"name":"Portada","item":"https:\/\/intersafe.pt\/"},{"@type":"ListItem","position":2,"name":"Cascos de protecci\u00f3n: conservaci\u00f3n, mantenimiento y caducidad"}]},{"@type":"WebSite","@id":"https:\/\/intersafe.pt\/#website","url":"https:\/\/intersafe.pt\/","name":"Intersafe Portugal","description":"Soluciones integrales en materia de seguridad laboral","publisher":{"@id":"https:\/\/intersafe.pt\/#organization"},"potentialAction":[{"@type":"SearchAction","target":{"@type":"EntryPoint","urlTemplate":"https:\/\/intersafe.pt\/?s={search_term_string}"},"query-input":{"@type":"PropertyValueSpecification","valueRequired":true,"valueName":"search_term_string"}}],"inLanguage":"es"},{"@type":"Organization","@id":"https:\/\/intersafe.pt\/#organization","name":"Intersafe Portugal","url":"https:\/\/intersafe.pt\/","logo":{"@type":"ImageObject","inLanguage":"es","@id":"https:\/\/intersafe.pt\/#\/schema\/logo\/image\/","url":"https:\/\/intersafe.pt\/wp-content\/uploads\/2024\/12\/cropped-Lyreco_Intersafe_Logotype_RGB_negative.png","contentUrl":"https:\/\/intersafe.pt\/wp-content\/uploads\/2024\/12\/cropped-Lyreco_Intersafe_Logotype_RGB_negative.png","width":1607,"height":623,"caption":"Intersafe Portugal"},"image":{"@id":"https:\/\/intersafe.pt\/#\/schema\/logo\/image\/"}},{"@type":"Person","@id":"https:\/\/intersafe.pt\/#\/schema\/person\/f1d43ff9401eeb1fb76690b63f91d128","name":"admin","image":{"@type":"ImageObject","inLanguage":"es","@id":"https:\/\/secure.gravatar.com\/avatar\/0a70928f7c8555b0c3d9fffa3ad3476f0c53fd84ed0c3555b6149a2fae34470b?s=96&d=mm&r=g","url":"https:\/\/secure.gravatar.com\/avatar\/0a70928f7c8555b0c3d9fffa3ad3476f0c53fd84ed0c3555b6149a2fae34470b?s=96&d=mm&r=g","contentUrl":"https:\/\/secure.gravatar.com\/avatar\/0a70928f7c8555b0c3d9fffa3ad3476f0c53fd84ed0c3555b6149a2fae34470b?s=96&d=mm&r=g","caption":"admin"},"sameAs":["https:\/\/intersafe.pt"],"url":"https:\/\/intersafe.pt\/index.php\/author\/intersafe-cex-23\/"}]}},"_links":{"self":[{"href":"https:\/\/intersafe.pt\/index.php\/wp-json\/wp\/v2\/posts\/320","targetHints":{"allow":["GET"]}}],"collection":[{"href":"https:\/\/intersafe.pt\/index.php\/wp-json\/wp\/v2\/posts"}],"about":[{"href":"https:\/\/intersafe.pt\/index.php\/wp-json\/wp\/v2\/types\/post"}],"author":[{"embeddable":true,"href":"https:\/\/intersafe.pt\/index.php\/wp-json\/wp\/v2\/users\/1"}],"replies":[{"embeddable":true,"href":"https:\/\/intersafe.pt\/index.php\/wp-json\/wp\/v2\/comments?post=320"}],"version-history":[{"count":8,"href":"https:\/\/intersafe.pt\/index.php\/wp-json\/wp\/v2\/posts\/320\/revisions"}],"predecessor-version":[{"id":2050,"href":"https:\/\/intersafe.pt\/index.php\/wp-json\/wp\/v2\/posts\/320\/revisions\/2050"}],"wp:featuredmedia":[{"embeddable":true,"href":"https:\/\/intersafe.pt\/index.php\/wp-json\/"}],"wp:attachment":[{"href":"https:\/\/intersafe.pt\/index.php\/wp-json\/wp\/v2\/media?parent=320"}],"wp:term":[{"taxonomy":"category","embeddable":true,"href":"https:\/\/intersafe.pt\/index.php\/wp-json\/wp\/v2\/categories?post=320"},{"taxonomy":"post_tag","embeddable":true,"href":"https:\/\/intersafe.pt\/index.php\/wp-json\/wp\/v2\/tags?post=320"}],"curies":[{"name":"wp","href":"https:\/\/api.w.org\/{rel}","templated":true}]}}