{"id":430,"date":"2022-12-12T01:00:32","date_gmt":"2022-12-11T23:00:32","guid":{"rendered":"https:\/\/intersafe.es\/index.php\/2022\/12\/12\/luz-azul\/"},"modified":"2023-12-11T10:59:11","modified_gmt":"2023-12-11T10:59:11","slug":"luz-azul","status":"publish","type":"post","link":"https:\/\/intersafe.pt\/index.php\/2022\/12\/12\/luz-azul\/","title":{"rendered":"Luz azul"},"content":{"rendered":"<h2>\n<h2 style=\"font-style: normal; white-space: normal;\">LUZ AZUL: QU\u00c9 ES Y POR QU\u00c9 DEBEMOS PROTEGERNOS DE ELLA<\/h2>\n<\/h2>\n<p>\t\t\t\t\t\t\t\t\t\t\t\t\t\t\t<img decoding=\"async\" width=\"1080\" height=\"434\" src=\"https:\/\/intersafe.pt\/wp-content\/uploads\/2022\/12\/luz-azul-e1676978424730.jpg\" alt=\"\" loading=\"lazy\" srcset=\"https:\/\/intersafe.pt\/wp-content\/uploads\/2022\/12\/luz-azul-e1676978424730.jpg 1080w, https:\/\/intersafe.pt\/wp-content\/uploads\/2022\/12\/luz-azul-e1676978424730-300x121.jpg 300w, https:\/\/intersafe.pt\/wp-content\/uploads\/2022\/12\/luz-azul-e1676978424730-1024x411.jpg 1024w, https:\/\/intersafe.pt\/wp-content\/uploads\/2022\/12\/luz-azul-e1676978424730-768x309.jpg 768w\" sizes=\"auto, (max-width: 1080px) 100vw, 1080px\" \/>\t\t\t\t\t\t\t\t\t\t\t\t\t\t\t<\/p>\n<h4>Cada vez vivimos m\u00e1s al lado de pantallas, ya sea trabajando frente a un ordenador, ojeando el m\u00f3vil o viendo el televisor y otros tipo de dispositivos, las horas que pasamos mirando estos elementos crece cada d\u00eda m\u00e1s. Este hecho no se circunscribe \u00fanicamente a los adultos, sino a los ni\u00f1os que tambi\u00e9n hacen uso de estos dispositivos en muchos casos para jugar y aprender.\u00a0<\/h4>\n<p>Es por ello que el uso abusivo de pantallas que emiten luz azul y<b> la exposici\u00f3n que podemos tener puede ser perjudicial para nuestros ojos<\/b>, para esto ya existen equipos de protecci\u00f3n especializados como gafas que garantizan un mayor descanso ocular. Esto no es balad\u00ed, porque incluso ya existe un s\u00edndrome relacionado con el uso de pantallas que es el s\u00edndrome visual inform\u00e1tico o del ordenador, que describe como s\u00edntomas la<b> fatiga ocular, dolor de cabeza, visi\u00f3n borrosa o sequedad<\/b> en los ojos.<\/p>\n<h2>Pero, \u00bfqu\u00e9 es la luz azul y por qu\u00e9 debemos protegernos?<\/h2>\n<p>Lo que llamamos luz es el conjunto de radiaciones que son visibles por el ojo humano. Si lo diferenciamos de la luz total que vemos, o luz blanca, <b>la luz azul es un tipo de ondas cortas, alrededor del 25% de toda la que vemos<\/b>. Por su lugar en el espectro, este tipo de ondas cortas con alta energ\u00eda pueden provocar deslumbramientos que producen la llamada fatiga visual.<br \/>\nMuchas de las pantallas que conocemos usan un mayor porcentaje de <b>luz azul<\/b>, por lo que <b>nuestros ojos no est\u00e1n naturalmente dise\u00f1ados para su uso prolongado<\/b>. La sobreexposici\u00f3n de este tipo de luces descritas en dispositivos de uso com\u00fan no es recomendable y es por ello que se proponen equipos de protecci\u00f3n como gafas para establecer filtros que nos ayuden a mitigar sus efectos.<\/p>\n<h2>\u00bfPara qu\u00e9 sirven las gafas de protecci\u00f3n?<\/h2>\n<p>Teniendo en cuenta que la luz azul se encuentra en un determinado lugar del espectro de radiaci\u00f3n, <b>las gafas act\u00faan sobre ese lugar bloqueando una cierta cantidad de luz azul que reciben nuestros ojos<\/b>. Es por ello que aunque no son definitivas para mitigar la fatiga ocular que supone el uso de pantallas durante horas, s\u00ed que suponen un <b>alivio <\/b>ya que act\u00faan sobre la luz que resulta m\u00e1s peligrosa para nuestros ojos.<br \/>\nEn <b>ambientes de oficina<\/b>, o donde las pantallas son usadas de forma intensiva en entornos laborales, este tipo de equipos de protecci\u00f3n individual pueden llegar a considerarse necesarios. Este tipo de personas son las que m\u00e1s pueden sentir fatiga ocular, porque sumado al tiempo de ocio donde ocupamos varias horas con televisiones, tablets o m\u00f3viles, se suman las pantallas descritas en su horario laboral.<\/p>\n<h2>\u00bfQu\u00e9 gafas para ordenador son recomendables?<\/h2>\n<p>Comprar este tipo de <b>equipos de protecci\u00f3n debe estar siempre sujeto a normativa <\/b>y a test que indiquen que su uso va a ser realmente beneficioso. En el caso de estas gafas de ordenador deben tener un <b>filtro de luz azul homologado bajo las normas ISO 16321- 1:2019<\/b>. En cuanto a la normativa que regula las gafas en el entorno laboral, la normativa m\u00e1s extendida es la <b>EN 166<\/b>, que regula que las gafas de seguridad en el trabajo deben proteger al trabajador de riesgos como salpicaduras, golpes, distintas filtraciones de luz, radiaciones nucleares, rayos X, o emisiones l\u00e1ser y fuentes de baja temperatura.<\/p>\n<h2>\u00bfDebe tu empresa pagarte las gafas si trabajas ante un ordenador?\u00a0<\/h2>\n<p>El <strong>Tribunal de Justicia de la Uni\u00f3n Europea (TJUE) ha dictado que las empresas deben sufragar los gastos de gafas graduadas o lentillas<\/strong> a aquellos empleados que las necesiten para corregir el deterioro de su visi\u00f3n y poder seguir trabajando frente a una pantalla de ordenador.<br \/>\nLa sentencia <strong>responde a una cuesti\u00f3n prejudicial de un tribunal rumano, motivada por una denuncia de un trabajador que reclam\u00f3 530 euros de unas nuevas gafas<\/strong> que tuvo que comprar por su deterioro de la vista y cuyo importe reclam\u00f3. Tambi\u00e9n se indica en la sentencia que no es necesario que el trastorno de la vista haya sido provocado por el uso de las pantallas.<br \/>\n<strong>Las empresas pueden cumplir con esta obligaci\u00f3n facilitando directamente las gafas o las lentillas<\/strong> al empleado que las necesite o con el reembolso de los gastos, pero no con un complemento salarial de car\u00e1cter general. Adem\u00e1s, <strong>tendr\u00e1n que comprobar que las lentes \u00absirven efectivamente para corregir los trastornos de vista relacionados<\/strong> con su trabajo y no problemas de vista de car\u00e1cter general que no necesariamente guardan relaci\u00f3n con las condiciones de trabajo\u00bb.<\/p>\n<p><h2>\u00bfQu\u00e9 tipos de trabajo pueden tener afectaci\u00f3n de luz azul para sus trabajadores?<\/h2>\n<p>En la era digital en la que vivimos, la mayor\u00eda de los trabajos implican el uso de pantallas electr\u00f3nicas que emiten este tipo de luz. En cualquier caso, entendiendo los trabajos por los entornos en los que se realizan, existen profesiones con una mayor carga, a priori, de este tipo de pantallas.<\/p>\n<ol>\n<li>\n<p><strong>Oficina y trabajos en ordenador<\/strong>: son los m\u00e1s expuestos a la luz azul debido al uso constante de pantallas de ordenador, tabletas y m\u00f3viles. Este tipo de trabajos de oficina y pantalla se acent\u00faa en entornos como los de la industria del entretenimiento, dise\u00f1o, edici\u00f3n de video, etc. Los efectos pueden incluir fatiga ocular, visi\u00f3n borrosa, dolor de cabeza y dificultad para conciliar el sue\u00f1o.<\/li>\n<li>\n<p><strong>Hospitales, centros de salud, pruebas diagn\u00f3sticas<\/strong>: todo aquel que trabaje en un centro sanitario con contacto directo a pantallas de gesti\u00f3n de citas e historial, pruebas m\u00e9dicas o diagn\u00f3sticas que requieren no solo mirar, sino una cierta fatiga al ver detalle.<\/li>\n<li><strong>Conductores en contacto con navegadores y paneles de instrumental<\/strong>: los trabajadores con veh\u00edculos, ya sean desde pilotos, transportistas o conductores de taxi pueden estar afectados tambi\u00e9n por la luz azul al mirar las pantallas de navegaci\u00f3n e instrumental que cuenten con visualizaciones. En su caso, la fatiga ocular puede ser especialmente peligrosa al conducir de noche y al necesitar completa visi\u00f3n en entornos como la carretera.<\/li>\n<li>\n<p><strong>Industria y construcci\u00f3n con maquinaria, pantallas de control<\/strong>: determinados entornos industriales est\u00e1n sujetos a visualizaci\u00f3n de pantallas constantes, como control de instrumental, calidad u otros trabajos similares con contacto de pantallas.<\/li>\n<\/ol>\n","protected":false},"excerpt":{"rendered":"<p>LUZ AZUL: QU\u00c9 ES Y POR QU\u00c9 DEBEMOS PROTEGERNOS DE ELLA Cada vez vivimos m\u00e1s al lado de pantallas, ya sea trabajando frente a un ordenador, ojeando el m\u00f3vil o viendo el televisor y otros tipo de dispositivos, las horas que pasamos mirando estos elementos crece cada d\u00eda m\u00e1s. Este hecho no se circunscribe \u00fanicamente &hellip;<\/p>\n<p class=\"read-more\"> <a class=\"\" href=\"https:\/\/intersafe.pt\/index.php\/2022\/12\/12\/luz-azul\/\"> <span class=\"screen-reader-text\">Luz azul<\/span> Leer m\u00e1s \u00bb<\/a><\/p>\n","protected":false},"author":1,"featured_media":433,"comment_status":"open","ping_status":"open","sticky":false,"template":"","format":"standard","meta":{"site-sidebar-layout":"default","site-content-layout":"default","ast-global-header-display":"","ast-banner-title-visibility":"","ast-main-header-display":"","ast-hfb-above-header-display":"","ast-hfb-below-header-display":"","ast-hfb-mobile-header-display":"","site-post-title":"disabled","ast-breadcrumbs-content":"","ast-featured-img":"","footer-sml-layout":"","theme-transparent-header-meta":"","adv-header-id-meta":"","stick-header-meta":"","header-above-stick-meta":"","header-main-stick-meta":"","header-below-stick-meta":"","footnotes":""},"categories":[9,34],"tags":[],"class_list":["post-430","post","type-post","status-publish","format-standard","has-post-thumbnail","hentry","category-gafas-montura-universal-integral","category-ocular-facial"],"yoast_head":"<!-- This site is optimized with the Yoast SEO plugin v27.5 - https:\/\/yoast.com\/product\/yoast-seo-wordpress\/ -->\n<title>Luz Azul: qu\u00e9 es y por qu\u00e9 debemos protegernos de ella | Lyreco Safety<\/title>\n<meta name=\"description\" content=\"De todo el conjunto de radiaciones que son visibles por el ojo humano, la luz azul es un tipo de ondas cortas, descubre qu\u00e9 es y qu\u00e9 efectos tiene.\" \/>\n<meta name=\"robots\" content=\"index, follow, max-snippet:-1, max-image-preview:large, max-video-preview:-1\" \/>\n<link rel=\"canonical\" href=\"https:\/\/intersafe.pt\/index.php\/2022\/12\/12\/luz-azul\/\" \/>\n<meta property=\"og:locale\" content=\"es_ES\" \/>\n<meta property=\"og:type\" content=\"article\" \/>\n<meta property=\"og:title\" content=\"Luz Azul: qu\u00e9 es y por qu\u00e9 debemos protegernos de ella | Lyreco Safety\" \/>\n<meta property=\"og:description\" content=\"De todo el conjunto de radiaciones que son visibles por el ojo humano, la luz azul es un tipo de ondas cortas, descubre qu\u00e9 es y qu\u00e9 efectos tiene.\" \/>\n<meta property=\"og:url\" content=\"https:\/\/intersafe.pt\/index.php\/2022\/12\/12\/luz-azul\/\" \/>\n<meta property=\"og:site_name\" content=\"Intersafe Portugal\" \/>\n<meta property=\"article:published_time\" content=\"2022-12-11T23:00:32+00:00\" \/>\n<meta property=\"article:modified_time\" content=\"2023-12-11T10:59:11+00:00\" \/>\n<meta name=\"author\" content=\"admin\" \/>\n<meta name=\"twitter:card\" content=\"summary_large_image\" \/>\n<meta name=\"twitter:label1\" content=\"Escrito por\" \/>\n\t<meta name=\"twitter:data1\" content=\"admin\" \/>\n\t<meta name=\"twitter:label2\" content=\"Tiempo de lectura\" \/>\n\t<meta name=\"twitter:data2\" content=\"5 minutos\" \/>\n<script type=\"application\/ld+json\" class=\"yoast-schema-graph\">{\"@context\":\"https:\\\/\\\/schema.org\",\"@graph\":[{\"@type\":\"Article\",\"@id\":\"https:\\\/\\\/intersafe.pt\\\/index.php\\\/2022\\\/12\\\/12\\\/luz-azul\\\/#article\",\"isPartOf\":{\"@id\":\"https:\\\/\\\/intersafe.pt\\\/index.php\\\/2022\\\/12\\\/12\\\/luz-azul\\\/\"},\"author\":{\"name\":\"admin\",\"@id\":\"https:\\\/\\\/intersafe.pt\\\/#\\\/schema\\\/person\\\/f1d43ff9401eeb1fb76690b63f91d128\"},\"headline\":\"Luz azul\",\"datePublished\":\"2022-12-11T23:00:32+00:00\",\"dateModified\":\"2023-12-11T10:59:11+00:00\",\"mainEntityOfPage\":{\"@id\":\"https:\\\/\\\/intersafe.pt\\\/index.php\\\/2022\\\/12\\\/12\\\/luz-azul\\\/\"},\"wordCount\":1077,\"commentCount\":0,\"publisher\":{\"@id\":\"https:\\\/\\\/intersafe.pt\\\/#organization\"},\"image\":{\"@id\":\"https:\\\/\\\/intersafe.pt\\\/index.php\\\/2022\\\/12\\\/12\\\/luz-azul\\\/#primaryimage\"},\"thumbnailUrl\":\"\",\"articleSection\":[\"Gafas montura universal e integral\",\"Protecci\u00f3n ocular y facial\"],\"inLanguage\":\"es\",\"potentialAction\":[{\"@type\":\"CommentAction\",\"name\":\"Comment\",\"target\":[\"https:\\\/\\\/intersafe.pt\\\/index.php\\\/2022\\\/12\\\/12\\\/luz-azul\\\/#respond\"]}]},{\"@type\":\"WebPage\",\"@id\":\"https:\\\/\\\/intersafe.pt\\\/index.php\\\/2022\\\/12\\\/12\\\/luz-azul\\\/\",\"url\":\"https:\\\/\\\/intersafe.pt\\\/index.php\\\/2022\\\/12\\\/12\\\/luz-azul\\\/\",\"name\":\"Luz Azul: qu\u00e9 es y por qu\u00e9 debemos protegernos de ella | Lyreco Safety\",\"isPartOf\":{\"@id\":\"https:\\\/\\\/intersafe.pt\\\/#website\"},\"primaryImageOfPage\":{\"@id\":\"https:\\\/\\\/intersafe.pt\\\/index.php\\\/2022\\\/12\\\/12\\\/luz-azul\\\/#primaryimage\"},\"image\":{\"@id\":\"https:\\\/\\\/intersafe.pt\\\/index.php\\\/2022\\\/12\\\/12\\\/luz-azul\\\/#primaryimage\"},\"thumbnailUrl\":\"\",\"datePublished\":\"2022-12-11T23:00:32+00:00\",\"dateModified\":\"2023-12-11T10:59:11+00:00\",\"description\":\"De todo el conjunto de radiaciones que son visibles por el ojo humano, la luz azul es un tipo de ondas cortas, descubre qu\u00e9 es y qu\u00e9 efectos tiene.\",\"breadcrumb\":{\"@id\":\"https:\\\/\\\/intersafe.pt\\\/index.php\\\/2022\\\/12\\\/12\\\/luz-azul\\\/#breadcrumb\"},\"inLanguage\":\"es\",\"potentialAction\":[{\"@type\":\"ReadAction\",\"target\":[\"https:\\\/\\\/intersafe.pt\\\/index.php\\\/2022\\\/12\\\/12\\\/luz-azul\\\/\"]}]},{\"@type\":\"ImageObject\",\"inLanguage\":\"es\",\"@id\":\"https:\\\/\\\/intersafe.pt\\\/index.php\\\/2022\\\/12\\\/12\\\/luz-azul\\\/#primaryimage\",\"url\":\"\",\"contentUrl\":\"\"},{\"@type\":\"BreadcrumbList\",\"@id\":\"https:\\\/\\\/intersafe.pt\\\/index.php\\\/2022\\\/12\\\/12\\\/luz-azul\\\/#breadcrumb\",\"itemListElement\":[{\"@type\":\"ListItem\",\"position\":1,\"name\":\"Portada\",\"item\":\"https:\\\/\\\/intersafe.pt\\\/\"},{\"@type\":\"ListItem\",\"position\":2,\"name\":\"Luz azul\"}]},{\"@type\":\"WebSite\",\"@id\":\"https:\\\/\\\/intersafe.pt\\\/#website\",\"url\":\"https:\\\/\\\/intersafe.pt\\\/\",\"name\":\"Intersafe Portugal\",\"description\":\"Soluciones integrales en materia de seguridad laboral\",\"publisher\":{\"@id\":\"https:\\\/\\\/intersafe.pt\\\/#organization\"},\"potentialAction\":[{\"@type\":\"SearchAction\",\"target\":{\"@type\":\"EntryPoint\",\"urlTemplate\":\"https:\\\/\\\/intersafe.pt\\\/?s={search_term_string}\"},\"query-input\":{\"@type\":\"PropertyValueSpecification\",\"valueRequired\":true,\"valueName\":\"search_term_string\"}}],\"inLanguage\":\"es\"},{\"@type\":\"Organization\",\"@id\":\"https:\\\/\\\/intersafe.pt\\\/#organization\",\"name\":\"Intersafe Portugal\",\"url\":\"https:\\\/\\\/intersafe.pt\\\/\",\"logo\":{\"@type\":\"ImageObject\",\"inLanguage\":\"es\",\"@id\":\"https:\\\/\\\/intersafe.pt\\\/#\\\/schema\\\/logo\\\/image\\\/\",\"url\":\"https:\\\/\\\/intersafe.pt\\\/wp-content\\\/uploads\\\/2024\\\/12\\\/cropped-Lyreco_Intersafe_Logotype_RGB_negative.png\",\"contentUrl\":\"https:\\\/\\\/intersafe.pt\\\/wp-content\\\/uploads\\\/2024\\\/12\\\/cropped-Lyreco_Intersafe_Logotype_RGB_negative.png\",\"width\":1607,\"height\":623,\"caption\":\"Intersafe Portugal\"},\"image\":{\"@id\":\"https:\\\/\\\/intersafe.pt\\\/#\\\/schema\\\/logo\\\/image\\\/\"}},{\"@type\":\"Person\",\"@id\":\"https:\\\/\\\/intersafe.pt\\\/#\\\/schema\\\/person\\\/f1d43ff9401eeb1fb76690b63f91d128\",\"name\":\"admin\",\"image\":{\"@type\":\"ImageObject\",\"inLanguage\":\"es\",\"@id\":\"https:\\\/\\\/secure.gravatar.com\\\/avatar\\\/0a70928f7c8555b0c3d9fffa3ad3476f0c53fd84ed0c3555b6149a2fae34470b?s=96&d=mm&r=g\",\"url\":\"https:\\\/\\\/secure.gravatar.com\\\/avatar\\\/0a70928f7c8555b0c3d9fffa3ad3476f0c53fd84ed0c3555b6149a2fae34470b?s=96&d=mm&r=g\",\"contentUrl\":\"https:\\\/\\\/secure.gravatar.com\\\/avatar\\\/0a70928f7c8555b0c3d9fffa3ad3476f0c53fd84ed0c3555b6149a2fae34470b?s=96&d=mm&r=g\",\"caption\":\"admin\"},\"sameAs\":[\"https:\\\/\\\/intersafe.pt\"],\"url\":\"https:\\\/\\\/intersafe.pt\\\/index.php\\\/author\\\/intersafe-cex-23\\\/\"}]}<\/script>\n<!-- \/ Yoast SEO plugin. -->","yoast_head_json":{"title":"Luz Azul: qu\u00e9 es y por qu\u00e9 debemos protegernos de ella | Lyreco Safety","description":"De todo el conjunto de radiaciones que son visibles por el ojo humano, la luz azul es un tipo de ondas cortas, descubre qu\u00e9 es y qu\u00e9 efectos tiene.","robots":{"index":"index","follow":"follow","max-snippet":"max-snippet:-1","max-image-preview":"max-image-preview:large","max-video-preview":"max-video-preview:-1"},"canonical":"https:\/\/intersafe.pt\/index.php\/2022\/12\/12\/luz-azul\/","og_locale":"es_ES","og_type":"article","og_title":"Luz Azul: qu\u00e9 es y por qu\u00e9 debemos protegernos de ella | Lyreco Safety","og_description":"De todo el conjunto de radiaciones que son visibles por el ojo humano, la luz azul es un tipo de ondas cortas, descubre qu\u00e9 es y qu\u00e9 efectos tiene.","og_url":"https:\/\/intersafe.pt\/index.php\/2022\/12\/12\/luz-azul\/","og_site_name":"Intersafe Portugal","article_published_time":"2022-12-11T23:00:32+00:00","article_modified_time":"2023-12-11T10:59:11+00:00","author":"admin","twitter_card":"summary_large_image","twitter_misc":{"Escrito por":"admin","Tiempo de lectura":"5 minutos"},"schema":{"@context":"https:\/\/schema.org","@graph":[{"@type":"Article","@id":"https:\/\/intersafe.pt\/index.php\/2022\/12\/12\/luz-azul\/#article","isPartOf":{"@id":"https:\/\/intersafe.pt\/index.php\/2022\/12\/12\/luz-azul\/"},"author":{"name":"admin","@id":"https:\/\/intersafe.pt\/#\/schema\/person\/f1d43ff9401eeb1fb76690b63f91d128"},"headline":"Luz azul","datePublished":"2022-12-11T23:00:32+00:00","dateModified":"2023-12-11T10:59:11+00:00","mainEntityOfPage":{"@id":"https:\/\/intersafe.pt\/index.php\/2022\/12\/12\/luz-azul\/"},"wordCount":1077,"commentCount":0,"publisher":{"@id":"https:\/\/intersafe.pt\/#organization"},"image":{"@id":"https:\/\/intersafe.pt\/index.php\/2022\/12\/12\/luz-azul\/#primaryimage"},"thumbnailUrl":"","articleSection":["Gafas montura universal e integral","Protecci\u00f3n ocular y facial"],"inLanguage":"es","potentialAction":[{"@type":"CommentAction","name":"Comment","target":["https:\/\/intersafe.pt\/index.php\/2022\/12\/12\/luz-azul\/#respond"]}]},{"@type":"WebPage","@id":"https:\/\/intersafe.pt\/index.php\/2022\/12\/12\/luz-azul\/","url":"https:\/\/intersafe.pt\/index.php\/2022\/12\/12\/luz-azul\/","name":"Luz Azul: qu\u00e9 es y por qu\u00e9 debemos protegernos de ella | Lyreco Safety","isPartOf":{"@id":"https:\/\/intersafe.pt\/#website"},"primaryImageOfPage":{"@id":"https:\/\/intersafe.pt\/index.php\/2022\/12\/12\/luz-azul\/#primaryimage"},"image":{"@id":"https:\/\/intersafe.pt\/index.php\/2022\/12\/12\/luz-azul\/#primaryimage"},"thumbnailUrl":"","datePublished":"2022-12-11T23:00:32+00:00","dateModified":"2023-12-11T10:59:11+00:00","description":"De todo el conjunto de radiaciones que son visibles por el ojo humano, la luz azul es un tipo de ondas cortas, descubre qu\u00e9 es y qu\u00e9 efectos tiene.","breadcrumb":{"@id":"https:\/\/intersafe.pt\/index.php\/2022\/12\/12\/luz-azul\/#breadcrumb"},"inLanguage":"es","potentialAction":[{"@type":"ReadAction","target":["https:\/\/intersafe.pt\/index.php\/2022\/12\/12\/luz-azul\/"]}]},{"@type":"ImageObject","inLanguage":"es","@id":"https:\/\/intersafe.pt\/index.php\/2022\/12\/12\/luz-azul\/#primaryimage","url":"","contentUrl":""},{"@type":"BreadcrumbList","@id":"https:\/\/intersafe.pt\/index.php\/2022\/12\/12\/luz-azul\/#breadcrumb","itemListElement":[{"@type":"ListItem","position":1,"name":"Portada","item":"https:\/\/intersafe.pt\/"},{"@type":"ListItem","position":2,"name":"Luz azul"}]},{"@type":"WebSite","@id":"https:\/\/intersafe.pt\/#website","url":"https:\/\/intersafe.pt\/","name":"Intersafe Portugal","description":"Soluciones integrales en materia de seguridad laboral","publisher":{"@id":"https:\/\/intersafe.pt\/#organization"},"potentialAction":[{"@type":"SearchAction","target":{"@type":"EntryPoint","urlTemplate":"https:\/\/intersafe.pt\/?s={search_term_string}"},"query-input":{"@type":"PropertyValueSpecification","valueRequired":true,"valueName":"search_term_string"}}],"inLanguage":"es"},{"@type":"Organization","@id":"https:\/\/intersafe.pt\/#organization","name":"Intersafe Portugal","url":"https:\/\/intersafe.pt\/","logo":{"@type":"ImageObject","inLanguage":"es","@id":"https:\/\/intersafe.pt\/#\/schema\/logo\/image\/","url":"https:\/\/intersafe.pt\/wp-content\/uploads\/2024\/12\/cropped-Lyreco_Intersafe_Logotype_RGB_negative.png","contentUrl":"https:\/\/intersafe.pt\/wp-content\/uploads\/2024\/12\/cropped-Lyreco_Intersafe_Logotype_RGB_negative.png","width":1607,"height":623,"caption":"Intersafe Portugal"},"image":{"@id":"https:\/\/intersafe.pt\/#\/schema\/logo\/image\/"}},{"@type":"Person","@id":"https:\/\/intersafe.pt\/#\/schema\/person\/f1d43ff9401eeb1fb76690b63f91d128","name":"admin","image":{"@type":"ImageObject","inLanguage":"es","@id":"https:\/\/secure.gravatar.com\/avatar\/0a70928f7c8555b0c3d9fffa3ad3476f0c53fd84ed0c3555b6149a2fae34470b?s=96&d=mm&r=g","url":"https:\/\/secure.gravatar.com\/avatar\/0a70928f7c8555b0c3d9fffa3ad3476f0c53fd84ed0c3555b6149a2fae34470b?s=96&d=mm&r=g","contentUrl":"https:\/\/secure.gravatar.com\/avatar\/0a70928f7c8555b0c3d9fffa3ad3476f0c53fd84ed0c3555b6149a2fae34470b?s=96&d=mm&r=g","caption":"admin"},"sameAs":["https:\/\/intersafe.pt"],"url":"https:\/\/intersafe.pt\/index.php\/author\/intersafe-cex-23\/"}]}},"_links":{"self":[{"href":"https:\/\/intersafe.pt\/index.php\/wp-json\/wp\/v2\/posts\/430","targetHints":{"allow":["GET"]}}],"collection":[{"href":"https:\/\/intersafe.pt\/index.php\/wp-json\/wp\/v2\/posts"}],"about":[{"href":"https:\/\/intersafe.pt\/index.php\/wp-json\/wp\/v2\/types\/post"}],"author":[{"embeddable":true,"href":"https:\/\/intersafe.pt\/index.php\/wp-json\/wp\/v2\/users\/1"}],"replies":[{"embeddable":true,"href":"https:\/\/intersafe.pt\/index.php\/wp-json\/wp\/v2\/comments?post=430"}],"version-history":[{"count":11,"href":"https:\/\/intersafe.pt\/index.php\/wp-json\/wp\/v2\/posts\/430\/revisions"}],"predecessor-version":[{"id":2577,"href":"https:\/\/intersafe.pt\/index.php\/wp-json\/wp\/v2\/posts\/430\/revisions\/2577"}],"wp:featuredmedia":[{"embeddable":true,"href":"https:\/\/intersafe.pt\/index.php\/wp-json\/"}],"wp:attachment":[{"href":"https:\/\/intersafe.pt\/index.php\/wp-json\/wp\/v2\/media?parent=430"}],"wp:term":[{"taxonomy":"category","embeddable":true,"href":"https:\/\/intersafe.pt\/index.php\/wp-json\/wp\/v2\/categories?post=430"},{"taxonomy":"post_tag","embeddable":true,"href":"https:\/\/intersafe.pt\/index.php\/wp-json\/wp\/v2\/tags?post=430"}],"curies":[{"name":"wp","href":"https:\/\/api.w.org\/{rel}","templated":true}]}}